{"id":66395,"date":"2012-01-26T18:45:05","date_gmt":"2012-01-26T18:45:05","guid":{"rendered":"http:\/\/diariodominicano.ddns.net\/?p=66395"},"modified":"2012-01-26T18:45:05","modified_gmt":"2012-01-26T18:45:05","slug":"cultura-honra-al-patricio-juan-pablo-duarte-en-aniversario-de-su-natalicio","status":"publish","type":"post","link":"https:\/\/diariodominicano.com\/?p=66395","title":{"rendered":"&#13;Cultura honra al patricio Juan Pablo Duarte en aniversario de su natalicio"},"content":{"rendered":"<p><body><\/p>\n<p><img decoding=\"async\" src=\"img3\/ofrenda.JPG\" \/>  <\/p>\n<p><span class=\"text1noticias\">Santo Domingo, RD.-El Ministerio de Cultura honr\u00f3 con una ofrenda floral el 199 natalicio del Padre de la Patria dominicana, Juan Pablo Duarte y Diez, en un acto solemne encabezado por el titular de la instituci\u00f3n, Jos\u00e9 Rafael Lantigua.<\/span><\/p>\n<p><span class=\"text1noticias\"> <\/span><\/p>\n<p><span class=\"text1noticias\">La ofrenda fue depositada en el busto del patricio, ubicado en los jardines frontales de la sede de Cultura, ante la presencia de los viceministros del MINC y empleados de ese organismo. <\/span><\/p>\n<\/p>\n<p><span class=\"text1noticias\">Como ha sido tradici\u00f3n para esta gesti\u00f3n, Cultura recuerda con este homenaje la lucha que sostuvo el fundador de la Rep\u00fablica Dominicana, para dejar a la posteridad una naci\u00f3n libre de toda influencia extranjera y despertar la conciencia sobre el compromiso que debe asumir cada dominicano con  su pa\u00eds.<\/span><\/p>\n<\/p>\n<p><span class=\"text1noticias\">Cada a\u00f1o Cultura insta a sus empleados seguir el comportamiento de Duarte, que con sus acciones se convirti\u00f3 en un ejemplo para los hombres y mujeres de compromiso nacional.<\/span><\/p>\n<p><span class=\"text1noticias\"> <\/span><\/p>\n<p><span class=\"text1noticias\">Jos\u00e9 Rafael Lantigua, quien se dirigi\u00f3 a los presentes, destac\u00f3 el aporte que ha hecho la instituci\u00f3n a favor de la expansi\u00f3n de los idearios y la figura de Duarte en pa\u00edses europeos e hispanoamericanos.<\/span><\/p>\n<\/p>\n<p><span class=\"text1noticias\">\u00abHemos sido los primero en llevar a Duarte fuera de nuestro pa\u00eds. Espa\u00f1a tiene hoy 5 plazas duartianas, gracias a la labor emprendida por esta gesti\u00f3n cultural, Nicaragua tiene 4 ciudades con plazas de Duarte, igualmente Costa Rica y ahora esta prevista la de Cuba y Par\u00eds\u00bb.<\/span><\/p>\n<\/p>\n<p><span class=\"text1noticias\">Record\u00f3 que en la Plaza de Oriente, en Madrid, estaban los bustos de todos los padres de patrias hispanoamericanos excepto el del patricio dominicano, y fue durante esta gesti\u00f3n, que se logr\u00f3 que el ayuntamiento de Madrid concediera un espacio entre Jos\u00e9 Mart\u00ed y Hostos.<\/span><\/p>\n<\/p>\n<p><span class=\"text1noticias\">Previo a las palabras de Lantigua, Wilfredo F\u00e9lix, Director de Patrimonio Cultural Subacu\u00e1tico, durante las palabras centrales del acto, destac\u00f3 el hero\u00edsmo, entrega, abnegaci\u00f3n y las virtudes incuestionables del patricio.<\/span><\/p>\n<\/p>\n<p><span class=\"text1noticias\">\u00abDuarte, inspirado en su conocimiento del cristianismo, asumi\u00f3 la lucha por la independencia como una misi\u00f3n divina. Sin embargo, el elevado origen de sus acciones no impidieron que \u00e9l forjara una personalidad, un tipo de persona, una clase de sentimientos, un car\u00e1cter, que sirviera de modelo pr\u00e1ctico, realizable y actual para sus compatriotas y el mundo\u00bb.<\/span><\/p>\n<\/p>\n<p><span class=\"text1noticias\">La activad culmin\u00f3 con la interpretaci\u00f3n del Himno a Duarte, a cargo de la Compa\u00f1\u00eda Nacional de Cantantes L\u00edricos, y  la representaci\u00f3n de la obra teatral \u00abDuarte\u00bb a cargo del grupo Sembrando Teatro, de  la Escuela del Centro Cultural Narciso Gonz\u00e1lez<\/span>.<\/p>\n<\/p>\n<h6> 2012-01-26 18:45:05 <\/h6>\n<p><!--\n<link rel=\"stylesheet\" href=\"css\/bootstrap.min.css\">\n\n\n<ul class=\"pagination\">\n\t    \n\t\n\n<li >\n\t<a href='?page_no=18072'>Previous<\/a>\n\t<\/li>\n\n\n       \n    \n\n<li><a href='?page_no=1'>1<\/a><\/li>\n\n\n\n<li><a href='?page_no=2'>2<\/a><\/li>\n\n\n\n<li><a>...<\/a><\/li>\n\n\n\n<li><a href='?page_no=18071'>18071<\/a><\/li>\n\n\n\n<li><a href='?page_no=18072'>18072<\/a><\/li>\n\n\n\n<li class='active'><a>18073<\/a><\/li>\n\n\n\n<li><a href='?page_no=18074'>18074<\/a><\/li>\n\n\n\n<li><a href='?page_no=18075'>18075<\/a><\/li>\n\n\n\n<li><a>...<\/a><\/li>\n\n\n\n<li><a href='?page_no=22911'>22911<\/a><\/li>\n\n\n\n<li><a href='?page_no=22912'>22912<\/a><\/li>\n\n    \n\t\n\n<li >\n\t<a href='?page_no=18074'>Next<\/a>\n\t<\/li>\n\n\n    \n\n<li><a href='?page_no=22912'>Last &rsaquo;&rsaquo;<\/a><\/li>\n\n<\/ul>\n\n\n--><br \/>\n<\/body><\/p>\n","protected":false},"excerpt":{"rendered":"<p>Santo Domingo, RD.-El Ministerio de Cultura honr\u00f3 con una ofrenda floral el 199 natalicio del Padre de la Patria dominicana, Juan Pablo Duarte y Diez, en un acto solemne encabezado por el titular de la instituci\u00f3n, Jos\u00e9 Rafael Lantigua. La ofrenda fue depositada en el busto del patricio, ubicado en los jardines frontales de la [&hellip;]<\/p>\n","protected":false},"author":3,"featured_media":0,"comment_status":"open","ping_status":"open","sticky":false,"template":"","format":"standard","meta":{"footnotes":""},"categories":[21],"tags":[],"class_list":["post-66395","post","type-post","status-publish","format-standard","hentry","category-cultura"],"_links":{"self":[{"href":"https:\/\/diariodominicano.com\/index.php?rest_route=\/wp\/v2\/posts\/66395","targetHints":{"allow":["GET"]}}],"collection":[{"href":"https:\/\/diariodominicano.com\/index.php?rest_route=\/wp\/v2\/posts"}],"about":[{"href":"https:\/\/diariodominicano.com\/index.php?rest_route=\/wp\/v2\/types\/post"}],"author":[{"embeddable":true,"href":"https:\/\/diariodominicano.com\/index.php?rest_route=\/wp\/v2\/users\/3"}],"replies":[{"embeddable":true,"href":"https:\/\/diariodominicano.com\/index.php?rest_route=%2Fwp%2Fv2%2Fcomments&post=66395"}],"version-history":[{"count":0,"href":"https:\/\/diariodominicano.com\/index.php?rest_route=\/wp\/v2\/posts\/66395\/revisions"}],"wp:attachment":[{"href":"https:\/\/diariodominicano.com\/index.php?rest_route=%2Fwp%2Fv2%2Fmedia&parent=66395"}],"wp:term":[{"taxonomy":"category","embeddable":true,"href":"https:\/\/diariodominicano.com\/index.php?rest_route=%2Fwp%2Fv2%2Fcategories&post=66395"},{"taxonomy":"post_tag","embeddable":true,"href":"https:\/\/diariodominicano.com\/index.php?rest_route=%2Fwp%2Fv2%2Ftags&post=66395"}],"curies":[{"name":"wp","href":"https:\/\/api.w.org\/{rel}","templated":true}]}}