{"id":66394,"date":"2012-01-26T19:38:08","date_gmt":"2012-01-26T19:38:08","guid":{"rendered":"http:\/\/diariodominicano.ddns.net\/?p=66394"},"modified":"2012-01-26T19:38:08","modified_gmt":"2012-01-26T19:38:08","slug":"presidente-fernandez-encabeza-actos-en-inicio-del-mes-de-la-patria","status":"publish","type":"post","link":"https:\/\/diariodominicano.com\/?p=66394","title":{"rendered":"&#13;Presidente Fern\u00e1ndez encabeza actos en inicio del Mes de la Patria"},"content":{"rendered":"<p><body><\/p>\n<p><img decoding=\"async\" src=\"img3\/pdteleoneldesfile.JPG\" \/><br \/><img decoding=\"async\" src=\"img3\/balcarcer.JPG\" \/><br \/><img decoding=\"async\" src=\"http:\/\/localhost:8080\/img3\/estudiantes.JPG\" \/>  <\/p>\n<p><span class=\"text1noticias\">SAN FRANCISCO DE MACORIS, Rep.Dom, 26 de Enero.-El presidente Leonel Fern\u00e1ndez encabez\u00f3   en esta ciudad el desfile c\u00edvico-militar con motivo del 199 aniversario del natalicio del  patricio Juan Pablo Duarte y el inicio de las celebraciones del Mes de la Patria.<\/span><\/p>\n<\/p>\n<p><span class=\"text1noticias\">A la actividad que se desarroll\u00f3 en la avenida 27 de Febrero , frente al Parque Duarte de este municipio , el mandatario lleg\u00f3 acompa\u00f1ado de su esposa, la primera dama, Margarita Cede\u00f1o de Fern\u00e1ndez y de inmediato le rindieron los honores correspondientes a su investidura.<\/span><\/p>\n<\/p>\n<p><span class=\"text1noticias\">Al hablar en el acto el presidente de la Comisi\u00f3n de Efem\u00e9rides Patrias, Daniel Balc\u00e1cer, destac\u00f3 la trayectoria p\u00fablica del padre de la Patria y su lucha a favor de la independencia, y de igual manera las amarguras vividas durante su exilio.<\/span><\/p>\n<\/p>\n<p><span class=\"text1noticias\">Dijo que Duarte fue un revolucionario a carta cabal y exhort\u00f3 a las nuevas generaciones a emular su ejemplo.  <\/span><\/p>\n<\/p>\n<p><span class=\"text1noticias\">Al respecto, a\u00f1adi\u00f3 que la Naci\u00f3n celebra con especial orgullo el natalicio del patricio Juan Pablo Duarte.<\/span><\/p>\n<p><span class=\"text1noticias\">De su lado, la gobernadora de la provincia Duarte, Luz Selene Plata, expres\u00f3 su profunda gratitud al presidente Fern\u00e1ndez por disponer que  esta provincia se vista de gala para iniciar desde aqu\u00ed el Mes de la Patria.<\/span><\/p>\n<\/p>\n<p><span class=\"text1noticias\">Manifest\u00f3 que hace voto para que la juventud de hoy d\u00eda haga lo que  hizo Duarte a favor del desarrollo de la Patria.<\/span><\/p>\n<\/p>\n<p><span class=\"text1noticias\">DESFILE<\/span><\/p>\n<\/p>\n<p><span class=\"text1noticias\">El tradicional desfile inici\u00f3 con el paso ante el presidente Leonel Fern\u00e1ndez y la primera dama Margarita Cede\u00f1o de Fern\u00e1ndez de una brigada compuesta por batallones de los distintos cuerpos castrenses y la Polic\u00eda Nacional.<\/span><\/p>\n<\/p>\n<p><span class=\"text1noticias\">Asimismo helic\u00f3pteros de la Fuerza A\u00e9rea Dominicana realizaron vuelos de exhibici\u00f3n para el disfrute de los miles de asistentes.<\/span><\/p>\n<\/p>\n<p><span class=\"text1noticias\">Tambi\u00e9n desfilaron delegaciones de cien instituciones, profesores y  dos mil estudiantes de escuelas p\u00fablicas y privadas de la zona. <\/span><\/p>\n<\/p>\n<p><span class=\"text1noticias\">El inicio de las actividades del Mes de la Patria fue ambientado por los colores de la Bandera y bendecido por una persistente lluvia.<\/span><\/p>\n<\/p>\n<p><span class=\"text1noticias\">A la ceremonia asistieron los ministros Administrativos de la Presidencia, Luis Manuel Bonetti; de Educaci\u00f3n, Josefina Pimentel;  de la Mujer, Alejandrina Germ\u00e1n; la gobernadora provincial, Luz Selena Plata y el presidente de la Comisi\u00f3n Permanente de Efem\u00e9rides Patrias, Daniel Balc\u00e1cer as\u00ed como los jefes de los cuerpos castrenses y de la Polic\u00eda Nacional. <\/span><\/p>\n<\/p>\n<p><span class=\"text1noticias\">Igualmente el obispo de la Di\u00f3cesis de San Francisco de Macor\u00eds, monse\u00f1or Jes\u00fas Mar\u00eda de Jes\u00fas Moya , el ministro de Deportes, Felipe-Jay-  Payano y  el presidente de la Direcci\u00f3n Nacional de Control de Drogas (DNCD), mayor general Rolando Rosado Mateo.<\/span><\/p>\n<\/p>\n<p><span class=\"text1noticias\">El Mes de la Patria inici\u00f3 con las conmemoraciones del D\u00eda del Duarte, este 26 de enero  y culmina el 27 Febrero con las celebraciones del D\u00eda de la Independencia Nacional. Todas esas actividades son organizadas por la Comisi\u00f3n Permanente de Efem\u00e9rides Patrias<\/span>. <\/p>\n<h6> 2012-01-26 19:38:08 <\/h6>\n<p><!--\n<link rel=\"stylesheet\" href=\"css\/bootstrap.min.css\">\n\n\n<ul class=\"pagination\">\n\t    \n\t\n\n<li >\n\t<a href='?page_no=18071'>Previous<\/a>\n\t<\/li>\n\n\n       \n    \n\n<li><a href='?page_no=1'>1<\/a><\/li>\n\n\n\n<li><a href='?page_no=2'>2<\/a><\/li>\n\n\n\n<li><a>...<\/a><\/li>\n\n\n\n<li><a href='?page_no=18070'>18070<\/a><\/li>\n\n\n\n<li><a href='?page_no=18071'>18071<\/a><\/li>\n\n\n\n<li class='active'><a>18072<\/a><\/li>\n\n\n\n<li><a href='?page_no=18073'>18073<\/a><\/li>\n\n\n\n<li><a href='?page_no=18074'>18074<\/a><\/li>\n\n\n\n<li><a>...<\/a><\/li>\n\n\n\n<li><a href='?page_no=22911'>22911<\/a><\/li>\n\n\n\n<li><a href='?page_no=22912'>22912<\/a><\/li>\n\n    \n\t\n\n<li >\n\t<a href='?page_no=18073'>Next<\/a>\n\t<\/li>\n\n\n    \n\n<li><a href='?page_no=22912'>Last &rsaquo;&rsaquo;<\/a><\/li>\n\n<\/ul>\n\n\n--><br \/>\n<\/body><\/p>\n","protected":false},"excerpt":{"rendered":"<p>SAN FRANCISCO DE MACORIS, Rep.Dom, 26 de Enero.-El presidente Leonel Fern\u00e1ndez encabez\u00f3 en esta ciudad el desfile c\u00edvico-militar con motivo del 199 aniversario del natalicio del patricio Juan Pablo Duarte y el inicio de las celebraciones del Mes de la Patria. A la actividad que se desarroll\u00f3 en la avenida 27 de Febrero , frente [&hellip;]<\/p>\n","protected":false},"author":3,"featured_media":0,"comment_status":"open","ping_status":"open","sticky":false,"template":"","format":"standard","meta":{"footnotes":""},"categories":[21],"tags":[],"class_list":["post-66394","post","type-post","status-publish","format-standard","hentry","category-cultura"],"_links":{"self":[{"href":"https:\/\/diariodominicano.com\/index.php?rest_route=\/wp\/v2\/posts\/66394","targetHints":{"allow":["GET"]}}],"collection":[{"href":"https:\/\/diariodominicano.com\/index.php?rest_route=\/wp\/v2\/posts"}],"about":[{"href":"https:\/\/diariodominicano.com\/index.php?rest_route=\/wp\/v2\/types\/post"}],"author":[{"embeddable":true,"href":"https:\/\/diariodominicano.com\/index.php?rest_route=\/wp\/v2\/users\/3"}],"replies":[{"embeddable":true,"href":"https:\/\/diariodominicano.com\/index.php?rest_route=%2Fwp%2Fv2%2Fcomments&post=66394"}],"version-history":[{"count":0,"href":"https:\/\/diariodominicano.com\/index.php?rest_route=\/wp\/v2\/posts\/66394\/revisions"}],"wp:attachment":[{"href":"https:\/\/diariodominicano.com\/index.php?rest_route=%2Fwp%2Fv2%2Fmedia&parent=66394"}],"wp:term":[{"taxonomy":"category","embeddable":true,"href":"https:\/\/diariodominicano.com\/index.php?rest_route=%2Fwp%2Fv2%2Fcategories&post=66394"},{"taxonomy":"post_tag","embeddable":true,"href":"https:\/\/diariodominicano.com\/index.php?rest_route=%2Fwp%2Fv2%2Ftags&post=66394"}],"curies":[{"name":"wp","href":"https:\/\/api.w.org\/{rel}","templated":true}]}}