{"id":66393,"date":"2012-01-26T20:26:58","date_gmt":"2012-01-26T20:26:58","guid":{"rendered":"http:\/\/diariodominicano.ddns.net\/?p=66393"},"modified":"2012-01-26T20:26:58","modified_gmt":"2012-01-26T20:26:58","slug":"conmemoran-199-aniversario-del-natalicion-del-procer-juan-pablo-duarte-en-la-provincia-de-puerto-plata","status":"publish","type":"post","link":"https:\/\/diariodominicano.com\/?p=66393","title":{"rendered":"Conmemoran 199 aniversario del natalicion del procer Juan Pablo Duarte en la provincia de Puerto Plata"},"content":{"rendered":"<p><body><\/p>\n<p><img decoding=\"async\" src=\"img3\/duartepp.JPG\" \/>  <\/p>\n<p><span class=\"text1noticias\">Puerto Plata, Rep.Dom, 26 de Enero.-Las principales autoridades de la provincia conmemoraron el 199 aniversario del natalicio del pr\u00f3cer dominicano Juan Pablo Duarte, con varios actos alusivo a tan importante fecha las actividades iniciaron a partir de la 8:A.M.<\/span><\/p>\n<\/p>\n<p><span class=\"text1noticias\">Con el izamiento de las banderas Dominicana y la del ayuntamiento municipal, ante la estatua del pr\u00f3cer en la Plaza Independencia, acompa\u00f1ada de la interpretaci\u00f3n de los himnos Nacional y en honor a Duarte a cargo de la banda de m\u00fasica de la Fuerza A\u00e9rea Dominicana dirigida por el 2do teniente Franklin Peralta. G,  luego a la 8:15 ofrendas flores a cargo de la gobernaci\u00f3n provincial, el ayuntamiento, direcci\u00f3n regional de educaci\u00f3n, oficina senatorial acompa\u00f1ado del Toque del Silencio por la banda, palabras del doctor Eduardo Canahuate en representaci\u00f3n de la logia  Mas\u00f3nica, luego se traslada a la Catedral San Felipe en donde el salcedote Edward Gilbert presidio un ted\u00e9um, en representaci\u00f3n de monse\u00f1or Julio Cesar Corniel Amaro obispo de la Di\u00f3cesis Puerto Plata Gaspar-Hern\u00e1ndez.<\/span><\/p>\n<\/p>\n<p><span class=\"text1noticias\">A finalizar la misa los discursos estuvieron a cargo del historiador Juan Ventura en representaci\u00f3n de la gobernadora Eridania Llibre Ortiz, la joven estudiante Madelin Vialet Luciano del liceo Jos\u00e9 Dubeau realizo una hermosa rese\u00f1ar hist\u00f3rica del patricio y el director del distrito educativo 11-02 licenciado Daniel V\u00e1squez tuvo a su cargo el discurso central; El desfile de los distintos centros educativos p\u00fablicos y privados, parti\u00f3 desde la parte frontal de la plaza Independencia por la calle Duarte, Jos\u00e9 Ram\u00f3n L\u00f3pez, Beller, Dr. Zafra, 12 de Julio, Separaci\u00f3n finalizado el plaza, en donde se realizar\u00eda una gran presentaci\u00f3n art\u00edstica cultural a cargo del colegio San Felipe Ap\u00f3stol, pero por motivo de un gran aguacero de un pronto fue suspendida.<\/span><\/p>\n<\/p>\n<p><span class=\"text1noticias\">Fue notoria la asistencia del director regional norte de la polic\u00eda general Pablo Roberto Morales, el diputado ante el Parlacen Juan Pablo Placido, Lic. V\u00edctor del Jes\u00fas Ram\u00edrez director de puerto de la Marina de Guerra, el teniente coronel Napole\u00f3n G\u00f3mez Rodr\u00edguez y el coronel Rub\u00e9n Feliz Berroa de la FAD,  el presidente de la sala capitular Juan Ram\u00f3n Duran, la asistente de la gobernadora Yohaira Santana, el viceministro de Cultural Rene Merete, la directora regional de educaci\u00f3n Frilanela Simons, los aconsejares Fran Salvador, Mart\u00edn Almonte y Andr\u00e9s Brito, la directora del ministerio de la mujer Giset Capella, Jos\u00e9 Artiles de los derecho humanos, Pedro Mart\u00ednez coronel de los bomberos, Coronel de la Amet Juli\u00e1n Su\u00e1rez, de la polic\u00eda municipal mayor Marino Rosario, Rafael \u00c1lvarez entres otras importantes personalidades de esta ciudad<\/span>.<\/p>\n<\/p>\n<h6> 2012-01-26 20:26:58 <\/h6>\n<p><!--\n<link rel=\"stylesheet\" href=\"css\/bootstrap.min.css\">\n\n\n<ul class=\"pagination\">\n\t    \n\t\n\n<li >\n\t<a href='?page_no=18070'>Previous<\/a>\n\t<\/li>\n\n\n       \n    \n\n<li><a href='?page_no=1'>1<\/a><\/li>\n\n\n\n<li><a href='?page_no=2'>2<\/a><\/li>\n\n\n\n<li><a>...<\/a><\/li>\n\n\n\n<li><a href='?page_no=18069'>18069<\/a><\/li>\n\n\n\n<li><a href='?page_no=18070'>18070<\/a><\/li>\n\n\n\n<li class='active'><a>18071<\/a><\/li>\n\n\n\n<li><a href='?page_no=18072'>18072<\/a><\/li>\n\n\n\n<li><a href='?page_no=18073'>18073<\/a><\/li>\n\n\n\n<li><a>...<\/a><\/li>\n\n\n\n<li><a href='?page_no=22911'>22911<\/a><\/li>\n\n\n\n<li><a href='?page_no=22912'>22912<\/a><\/li>\n\n    \n\t\n\n<li >\n\t<a href='?page_no=18072'>Next<\/a>\n\t<\/li>\n\n\n    \n\n<li><a href='?page_no=22912'>Last &rsaquo;&rsaquo;<\/a><\/li>\n\n<\/ul>\n\n\n--><br \/>\n<\/body><\/p>\n","protected":false},"excerpt":{"rendered":"<p>Puerto Plata, Rep.Dom, 26 de Enero.-Las principales autoridades de la provincia conmemoraron el 199 aniversario del natalicio del pr\u00f3cer dominicano Juan Pablo Duarte, con varios actos alusivo a tan importante fecha las actividades iniciaron a partir de la 8:A.M. Con el izamiento de las banderas Dominicana y la del ayuntamiento municipal, ante la estatua del [&hellip;]<\/p>\n","protected":false},"author":3,"featured_media":0,"comment_status":"open","ping_status":"open","sticky":false,"template":"","format":"standard","meta":{"footnotes":""},"categories":[21],"tags":[],"class_list":["post-66393","post","type-post","status-publish","format-standard","hentry","category-cultura"],"_links":{"self":[{"href":"https:\/\/diariodominicano.com\/index.php?rest_route=\/wp\/v2\/posts\/66393","targetHints":{"allow":["GET"]}}],"collection":[{"href":"https:\/\/diariodominicano.com\/index.php?rest_route=\/wp\/v2\/posts"}],"about":[{"href":"https:\/\/diariodominicano.com\/index.php?rest_route=\/wp\/v2\/types\/post"}],"author":[{"embeddable":true,"href":"https:\/\/diariodominicano.com\/index.php?rest_route=\/wp\/v2\/users\/3"}],"replies":[{"embeddable":true,"href":"https:\/\/diariodominicano.com\/index.php?rest_route=%2Fwp%2Fv2%2Fcomments&post=66393"}],"version-history":[{"count":0,"href":"https:\/\/diariodominicano.com\/index.php?rest_route=\/wp\/v2\/posts\/66393\/revisions"}],"wp:attachment":[{"href":"https:\/\/diariodominicano.com\/index.php?rest_route=%2Fwp%2Fv2%2Fmedia&parent=66393"}],"wp:term":[{"taxonomy":"category","embeddable":true,"href":"https:\/\/diariodominicano.com\/index.php?rest_route=%2Fwp%2Fv2%2Fcategories&post=66393"},{"taxonomy":"post_tag","embeddable":true,"href":"https:\/\/diariodominicano.com\/index.php?rest_route=%2Fwp%2Fv2%2Ftags&post=66393"}],"curies":[{"name":"wp","href":"https:\/\/api.w.org\/{rel}","templated":true}]}}