{"id":66391,"date":"2012-01-26T21:04:43","date_gmt":"2012-01-26T21:04:43","guid":{"rendered":"http:\/\/diariodominicano.ddns.net\/?p=66391"},"modified":"2012-01-26T21:04:43","modified_gmt":"2012-01-26T21:04:43","slug":"con-diferentes-actividades-conmemoran-en-barashona-natalicio-de-duarte","status":"publish","type":"post","link":"https:\/\/diariodominicano.com\/?p=66391","title":{"rendered":"Con diferentes actividades conmemoran en Barashona, Natalicio de Duarte"},"content":{"rendered":"<p><body><\/p>\n<p><img decoding=\"async\" src=\"img3\/iglesia.jpg\" \/>  <\/p>\n<p><span class=\"text1noticias\">Barahona, Rep.Dom, 26 de Enero.-Con  diferentes  actividades,   incluyendo un  desfiles  con autoridades civiles, militares y cientos de  estudiantes,  por  diferentes  calles,  fue conmemorado  en  esta  ciudad,  el 199 aniversario  del  natalicio  del  Padre  de  la  Patria  Juan  Pablo  Duarte, organizadas  por la  Gobernaci\u00f3n Provincial  y  la  Comisi\u00f3n Permanente  de  Efem\u00e9rides  Patrias.<\/span><\/p>\n<\/p>\n<p><span class=\"text1noticias\">Las   actividades,   encabezadas  por el  gobernador ingeniero Pedro Pe\u00f1a Rubio,   se  iniciaron  con  el  izamiento  de  Bandera   Nacional,  en la   gobernaci\u00f3n, luego  fue  efectuado  un Te-Deum,  en  la  Catedral Nuestra  Se\u00f1ora del Rosario, oficializado por el sacerdote Marcos P\u00e9rez.<\/span><\/p>\n<\/p>\n<p><span class=\"text1noticias\">Autoridades civiles y  militares, estudiantes  de  centros  educativos p\u00fablicos y privados, a  ritmo de la  Banda de M\u00fasica de  Quinta  Brigada del Ej\u00e9rcito  Nacional, desfilaron por  diferentes de aqu\u00ed.<\/span><\/p>\n<\/p>\n<p><span class=\"text1noticias\">Los   actos  protocolares   del   D\u00eda del Libertador de la  Rep\u00fablica  , se   llevaron a  cabo  en  la plazoleta  del  mismo  nombre,  donde  diferentes  instituciones  depositaron ofrendas.<\/span><\/p>\n<p><span class=\"text1noticias\">Al  pronunciar  las  palabras  centrales  del  acto  el representante  del  Poder  Ejecutivo, llam\u00f3 a los sectores de pa\u00eds a trabajar unidos hacia el logro de  nuestros objetivos , que  es combatir  toda forma de injusticia que mantenga empobrecida  a la poblaci\u00f3n .<\/span><\/p>\n<\/p>\n<p><span class=\"text1noticias\"> \u00abLos  hombres y mujeres de la  Rep\u00fablica  Dominicana y particular los que estamos  al  frente del  Estado, debemos  emular al pr\u00f3cer Juan Pablo Duarte, viviendo una  vida  digna, organizada y transparente, actuar unidos  para  enfrentar las  adversidades y manejar con pulcritud los  recursos. <\/span><\/p>\n<\/p>\n<p><span class=\"text1noticias\">Participaron  en las   actividades  el licenciado Bienvenido  Heredia , coordinador  de la  Comisi\u00f3n de Efem\u00e9rides Patrias, el  general Jos\u00e9  Rafael L\u00f3pez  Santana, jefe  de Quinta  Brigada  del  Ej\u00e9rcito  Nacional; el  director  regional  sur  de la  Polic\u00eda, coronel Julio C\u00e9sar  Lorenzo Pulinario; el Diputado Mariano Montero, el procurador  Esteban  S\u00e1nchez; el fiscal Pedro M\u00e1rtir Terrero; el coronel Martin Corniell, encargado de AMET;  Marcos  Soto , del SENASA,  la licenciada Deysi Ramirez, de Educaci\u00f3n,;   el presidente  de la  Sala  Capitular  de la  Alcad\u00eda  Municipal, Andr\u00e9s Villabrille,<\/span><\/p>\n<\/p>\n<p><span class=\"text1noticias\">Tambi\u00e9n, el doctor  H\u00e9ctor  Tamburini, director del distrito municipal de Villa  Central, Carlos Medina de  Agricultura, el doctor  Gilberto Suero, del hospital Jaime  Mota Carlos  Manuel  Mato; Andr\u00e9s Mota del Consorcio Azucarero Central, Deysi Turb\u00ed de CONANI, Noelisa Paula, de  la Cruz  Roja, Augusto Moreta, de la  Defensa  Civil; Capit\u00e1n Adalberto P\u00e9rez  de la  Marina de  Guerra,  representantes de Politur, polic\u00eda  municipal, Cuerpo Bomberos, entre otros<\/span>.<\/p>\n<h6> 2012-01-26 21:04:43 <\/h6>\n<p><!--\n<link rel=\"stylesheet\" href=\"css\/bootstrap.min.css\">\n\n\n<ul class=\"pagination\">\n\t    \n\t\n\n<li >\n\t<a href='?page_no=18068'>Previous<\/a>\n\t<\/li>\n\n\n       \n    \n\n<li><a href='?page_no=1'>1<\/a><\/li>\n\n\n\n<li><a href='?page_no=2'>2<\/a><\/li>\n\n\n\n<li><a>...<\/a><\/li>\n\n\n\n<li><a href='?page_no=18067'>18067<\/a><\/li>\n\n\n\n<li><a href='?page_no=18068'>18068<\/a><\/li>\n\n\n\n<li class='active'><a>18069<\/a><\/li>\n\n\n\n<li><a href='?page_no=18070'>18070<\/a><\/li>\n\n\n\n<li><a href='?page_no=18071'>18071<\/a><\/li>\n\n\n\n<li><a>...<\/a><\/li>\n\n\n\n<li><a href='?page_no=22911'>22911<\/a><\/li>\n\n\n\n<li><a href='?page_no=22912'>22912<\/a><\/li>\n\n    \n\t\n\n<li >\n\t<a href='?page_no=18070'>Next<\/a>\n\t<\/li>\n\n\n    \n\n<li><a href='?page_no=22912'>Last &rsaquo;&rsaquo;<\/a><\/li>\n\n<\/ul>\n\n\n--><br \/>\n<\/body><\/p>\n","protected":false},"excerpt":{"rendered":"<p>Barahona, Rep.Dom, 26 de Enero.-Con diferentes actividades, incluyendo un desfiles con autoridades civiles, militares y cientos de estudiantes, por diferentes calles, fue conmemorado en esta ciudad, el 199 aniversario del natalicio del Padre de la Patria Juan Pablo Duarte, organizadas por la Gobernaci\u00f3n Provincial y la Comisi\u00f3n Permanente de Efem\u00e9rides Patrias. Las actividades, encabezadas por [&hellip;]<\/p>\n","protected":false},"author":3,"featured_media":0,"comment_status":"open","ping_status":"open","sticky":false,"template":"","format":"standard","meta":{"footnotes":""},"categories":[21],"tags":[],"class_list":["post-66391","post","type-post","status-publish","format-standard","hentry","category-cultura"],"_links":{"self":[{"href":"https:\/\/diariodominicano.com\/index.php?rest_route=\/wp\/v2\/posts\/66391","targetHints":{"allow":["GET"]}}],"collection":[{"href":"https:\/\/diariodominicano.com\/index.php?rest_route=\/wp\/v2\/posts"}],"about":[{"href":"https:\/\/diariodominicano.com\/index.php?rest_route=\/wp\/v2\/types\/post"}],"author":[{"embeddable":true,"href":"https:\/\/diariodominicano.com\/index.php?rest_route=\/wp\/v2\/users\/3"}],"replies":[{"embeddable":true,"href":"https:\/\/diariodominicano.com\/index.php?rest_route=%2Fwp%2Fv2%2Fcomments&post=66391"}],"version-history":[{"count":0,"href":"https:\/\/diariodominicano.com\/index.php?rest_route=\/wp\/v2\/posts\/66391\/revisions"}],"wp:attachment":[{"href":"https:\/\/diariodominicano.com\/index.php?rest_route=%2Fwp%2Fv2%2Fmedia&parent=66391"}],"wp:term":[{"taxonomy":"category","embeddable":true,"href":"https:\/\/diariodominicano.com\/index.php?rest_route=%2Fwp%2Fv2%2Fcategories&post=66391"},{"taxonomy":"post_tag","embeddable":true,"href":"https:\/\/diariodominicano.com\/index.php?rest_route=%2Fwp%2Fv2%2Ftags&post=66391"}],"curies":[{"name":"wp","href":"https:\/\/api.w.org\/{rel}","templated":true}]}}