{"id":66390,"date":"2012-01-26T21:28:52","date_gmt":"2012-01-26T21:28:52","guid":{"rendered":"http:\/\/diariodominicano.ddns.net\/?p=66390"},"modified":"2012-01-26T21:28:52","modified_gmt":"2012-01-26T21:28:52","slug":"rector-uasd-destaca-libro500-anos-de-lucha-por-la-justicia-es-memoria-historica-del-pais","status":"publish","type":"post","link":"https:\/\/diariodominicano.com\/?p=66390","title":{"rendered":"Rector UASD  destaca libro\u00bb500 a\u00f1os de lucha por la justicia\u00bb es memoria hist\u00f3rica del pa\u00eds"},"content":{"rendered":"<p><body><\/p>\n<p><img decoding=\"async\" src=\"img3\/dominicouasd.JPG\" \/>  <\/p>\n<p><span class=\"text1noticias\">Rep. Dom, 26 de Enero.-El rector de la Universidad Aut\u00f3noma de Santo Domingo, maestro Mateo Aquino Febrillet consider\u00f3 que con la puesta en circulaci\u00f3n de la obra \u00ab500 a\u00f1os de lucha por la justicia: Los dominicos y la UASD\u00bb,  se recupera la memoria hist\u00f3rica  encarnada en la defensa de la congregaci\u00f3n religiosa por los habitantes de la isla en tiempo de la colonizaci\u00f3n.<\/span><\/p>\n<\/p>\n<p><span class=\"text1noticias\">Signific\u00f3 el m\u00e1ximo ejecutivo de la UASD que durante el 1492 y 1511  se produjo en esta tierra una explosi\u00f3n de la globalizaci\u00f3n, ya que los pa\u00edses del Caribe  se encontraban en un proceso creciente.<\/span><\/p>\n<\/p>\n<p><span class=\"text1noticias\">Aquino Febrillet destac\u00f3 la connotaci\u00f3n  de los  dominicos  por su valent\u00eda en defensa de aquellos menos despose\u00eddos y  en pos de la justicia,  contra  la marginaci\u00f3n y  la exclusi\u00f3n que todav\u00eda en este tiempo existe, en el acto de puesta de circulaci\u00f3n de la obra patrocinada por el Banco de Reservas.<\/span><\/p>\n<\/p>\n<p><span class=\"text1noticias\">Al hablar en la ceremonia, que tuvo lugar en la oficina del banco estatal de la Isabel la Cat\u00f3lica en la zona colonial, el administrador del Reservas, Vicente Bengoa, record\u00f3  el trabajo que a favor de los abor\u00edgenes realizaron los dominicos.<\/span><\/p>\n<\/p>\n<p><span class=\"text1noticias\">\u00abLos frailes dominicos Pedro de C\u00f3rdoba, Ant\u00f3n de Montesino y Bartolom\u00e9 de las Casas, constituyen un tr\u00edo ejemplares de hombres fervorosos y combativos que no cesaron en su permanente lucha contra la opresi\u00f3n de los abor\u00edgenes, los maltratos a los que fueron sometidos y la negaci\u00f3n de sus elementales derechos como seres humanos\u00bb, abund\u00f3.<\/span><\/p>\n<\/p>\n<p><span class=\"text1noticias\">De su lado, Fray Jos\u00e9 Hern\u00e1ndez Hernando, del Centro de Teolog\u00eda Santo Domingo de Guzm\u00e1n, agradeci\u00f3 la publicaci\u00f3n de la obra \u00ab500 a\u00f1os de lucha por la justicia: Los Dominicos y la UASD\u00bb.<\/span><\/p>\n<\/p>\n<p><span class=\"text1noticias\">En el  transcurso de la actividad el rector de la UASD, maestro Aquino Febrillet recibi\u00f3 simb\u00f3licamente un ejemplar de la obra de parte del administrador del Banco de Reservas, licenciado Bengoa. <\/span><\/p>\n<\/p>\n<p><span class=\"text1noticias\">En el acto estuvieron presentes adem\u00e1s, el vicerrector de Extensi\u00f3n, maestro Francisco Galarza, el director de la Oficina de Presupuesto, Luis Hern\u00e1ndez, la profesora merit\u00edsima, Carmen Dur\u00e1n, entre otros.<\/span><\/p>\n<\/p>\n<p><span class=\"text1noticias\">Sobre la obra<\/span><\/p>\n<\/p>\n<p><span class=\"text1noticias\">El libro \u00ab500 a\u00f1os de lucha por la justicia:  Los Dominicos y la UASD\u00bb es una recopilaci\u00f3n de las ponencias presentadas  en el congreso internacional 500 a\u00f1os de lucha por la justicia que se celebr\u00f3 del 14 al 16 de octubre del 2010, con los auspicios de la UASD y del Consejo del Centro de Teolog\u00eda Santo Domingo de Guzm\u00e1n. <\/span><\/p>\n<\/p>\n<p><span class=\"text1noticias\">La obra recoge aspectos que van desde Los primeros dominicos en Am\u00e9rica, Derechos humanos y justicia en un mundo plural, predicar la verdad evang\u00e9lica, la teolog\u00eda de la liberaci\u00f3n y de la iglesia en Am\u00e9rica Latina en el momento actual y el individuo y el Estado en el descubrimiento y conquista de Am\u00e9rica, as\u00ed como la Encomienda, entre otros.<\/span><\/p>\n<\/p>\n<p><span class=\"text1noticias\">Asimismo como Dimensi\u00f3n universal del serm\u00f3n de Montesino, la globalizaci\u00f3n, el derecho al desarrollo, Mega proyecto y derechos humanos, los desaf\u00edos de la globalizaci\u00f3n: ante el siglo XXI  y derechos humanos, y desarrollo y seguridad<\/span>.  <\/p>\n<\/p>\n<h6> 2012-01-26 21:28:52 <\/h6>\n<p><!--\n<link rel=\"stylesheet\" href=\"css\/bootstrap.min.css\">\n\n\n<ul class=\"pagination\">\n\t    \n\t\n\n<li >\n\t<a href='?page_no=18067'>Previous<\/a>\n\t<\/li>\n\n\n       \n    \n\n<li><a href='?page_no=1'>1<\/a><\/li>\n\n\n\n<li><a href='?page_no=2'>2<\/a><\/li>\n\n\n\n<li><a>...<\/a><\/li>\n\n\n\n<li><a href='?page_no=18066'>18066<\/a><\/li>\n\n\n\n<li><a href='?page_no=18067'>18067<\/a><\/li>\n\n\n\n<li class='active'><a>18068<\/a><\/li>\n\n\n\n<li><a href='?page_no=18069'>18069<\/a><\/li>\n\n\n\n<li><a href='?page_no=18070'>18070<\/a><\/li>\n\n\n\n<li><a>...<\/a><\/li>\n\n\n\n<li><a href='?page_no=22911'>22911<\/a><\/li>\n\n\n\n<li><a href='?page_no=22912'>22912<\/a><\/li>\n\n    \n\t\n\n<li >\n\t<a href='?page_no=18069'>Next<\/a>\n\t<\/li>\n\n\n    \n\n<li><a href='?page_no=22912'>Last &rsaquo;&rsaquo;<\/a><\/li>\n\n<\/ul>\n\n\n--><br \/>\n<\/body><\/p>\n","protected":false},"excerpt":{"rendered":"<p>Rep. Dom, 26 de Enero.-El rector de la Universidad Aut\u00f3noma de Santo Domingo, maestro Mateo Aquino Febrillet consider\u00f3 que con la puesta en circulaci\u00f3n de la obra \u00ab500 a\u00f1os de lucha por la justicia: Los dominicos y la UASD\u00bb, se recupera la memoria hist\u00f3rica encarnada en la defensa de la congregaci\u00f3n religiosa por los habitantes [&hellip;]<\/p>\n","protected":false},"author":3,"featured_media":0,"comment_status":"open","ping_status":"open","sticky":false,"template":"","format":"standard","meta":{"footnotes":""},"categories":[21],"tags":[],"class_list":["post-66390","post","type-post","status-publish","format-standard","hentry","category-cultura"],"_links":{"self":[{"href":"https:\/\/diariodominicano.com\/index.php?rest_route=\/wp\/v2\/posts\/66390","targetHints":{"allow":["GET"]}}],"collection":[{"href":"https:\/\/diariodominicano.com\/index.php?rest_route=\/wp\/v2\/posts"}],"about":[{"href":"https:\/\/diariodominicano.com\/index.php?rest_route=\/wp\/v2\/types\/post"}],"author":[{"embeddable":true,"href":"https:\/\/diariodominicano.com\/index.php?rest_route=\/wp\/v2\/users\/3"}],"replies":[{"embeddable":true,"href":"https:\/\/diariodominicano.com\/index.php?rest_route=%2Fwp%2Fv2%2Fcomments&post=66390"}],"version-history":[{"count":0,"href":"https:\/\/diariodominicano.com\/index.php?rest_route=\/wp\/v2\/posts\/66390\/revisions"}],"wp:attachment":[{"href":"https:\/\/diariodominicano.com\/index.php?rest_route=%2Fwp%2Fv2%2Fmedia&parent=66390"}],"wp:term":[{"taxonomy":"category","embeddable":true,"href":"https:\/\/diariodominicano.com\/index.php?rest_route=%2Fwp%2Fv2%2Fcategories&post=66390"},{"taxonomy":"post_tag","embeddable":true,"href":"https:\/\/diariodominicano.com\/index.php?rest_route=%2Fwp%2Fv2%2Ftags&post=66390"}],"curies":[{"name":"wp","href":"https:\/\/api.w.org\/{rel}","templated":true}]}}