{"id":66389,"date":"2012-01-26T21:43:22","date_gmt":"2012-01-26T21:43:22","guid":{"rendered":"http:\/\/diariodominicano.ddns.net\/?p=66389"},"modified":"2012-01-26T21:43:22","modified_gmt":"2012-01-26T21:43:22","slug":"uasd-deposita-ofrenda-floral-por-natalicio-de-duarte","status":"publish","type":"post","link":"https:\/\/diariodominicano.com\/?p=66389","title":{"rendered":"UASD deposita ofrenda floral por natalicio de Duarte"},"content":{"rendered":"<p><body><\/p>\n<p><img decoding=\"async\" src=\"img3\/uasdduarte.JPG\" \/>  <\/p>\n<p><span class=\"text1noticias\">Rep.Dom, 26 de Enero.-Para conmemorar el 199 aniversario del natalicio del Padre de la Patria, Juan Pablo Duarte y Diez, la Universidad Aut\u00f3noma de Santo Domingo (UASD) deposit\u00f3 una ofrenda floral en su busto, ubicado frente a la  Alma M\u00e1ter, en esa academia.<\/span><\/p>\n<\/p>\n<p><span class=\"text1noticias\">El acto estuvo presidido por el vicerrector de Extensi\u00f3n, Francisco Terrero Galarza, quien represent\u00f3 al rector de la instituci\u00f3n, Mateo Aquino Febrillet. <\/span><\/p>\n<\/p>\n<p><span class=\"text1noticias\">Adem\u00e1s de Terrero Galarza, la actividad fue encabezada por los dem\u00e1s vicerrectores: Jorge Asjana, Docente; Emma Polanco, Administrativa, y Francisco Vegazo, de Investigaci\u00f3n y Postgrado, as\u00ed como decanos y vicedecanos de las distintas facultades de la universidad. <\/span><\/p>\n<\/p>\n<p><span class=\"text1noticias\">Al pronunciar su discurso, Terrero Galarza destac\u00f3 las condiciones morales y \u00e9ticas de Duarte, a quien calific\u00f3 de emblem\u00e1tico, humanista y pol\u00edtico de ideas liberales.<\/span><\/p>\n<\/p>\n<p><span class=\"text1noticias\">Subray\u00f3 que aunque no parece que el Patricio se interes\u00f3 por la obtenci\u00f3n de t\u00edtulos universitarios, aprendi\u00f3 los idiomas lat\u00edn, ingl\u00e9s, alem\u00e1n y franc\u00e9s, adem\u00e1s cultiv\u00f3 la literatura, filosof\u00eda y la contabilidad.<\/span><\/p>\n<\/p>\n<p><span class=\"text1noticias\">Agreg\u00f3 que al fundar la sociedad secreta La Trinitaria, Duarte fungi\u00f3 como elemento catalizador de la sociedad, que aport\u00f3 sus mejores talentos para la fundaci\u00f3n de una de las rep\u00fablicas de Am\u00e9rica. <\/span><\/p>\n<p><span class=\"text1noticias\"> <\/span><\/p>\n<p><span class=\"text1noticias\">En el evento habl\u00f3 tambi\u00e9n el profesor Daniel Reyes, de la Escuela de Historia y Antropolog\u00eda de la UASD, quien puntualiz\u00f3 sobre el pensamiento del Padre de la Patria y expres\u00f3 la necesidad de que se retomen actualmente las ideas del m\u00e1ximo pr\u00f3cer dominicano.<\/span><\/p>\n<\/p>\n<p><span class=\"text1noticias\">Al mismo tiempo, indic\u00f3 que \u00abDuarte debe ser inspiraci\u00f3n para todos los dominicanos\u00bb<\/span>.<\/p>\n<\/p>\n<p><span class=\"text1noticias\">El Patricio Duarte naci\u00f3 el 26 de enero de 1813, en Santo Domingo, y falleci\u00f3 el 16 de julio de 1876, a la edad de 63 a\u00f1os, en Venezuela<\/span>. <\/p>\n<\/p>\n<h6> 2012-01-26 21:43:22 <\/h6>\n<p><!--\n<link rel=\"stylesheet\" href=\"css\/bootstrap.min.css\">\n\n\n<ul class=\"pagination\">\n\t    \n\t\n\n<li >\n\t<a href='?page_no=18066'>Previous<\/a>\n\t<\/li>\n\n\n       \n    \n\n<li><a href='?page_no=1'>1<\/a><\/li>\n\n\n\n<li><a href='?page_no=2'>2<\/a><\/li>\n\n\n\n<li><a>...<\/a><\/li>\n\n\n\n<li><a href='?page_no=18065'>18065<\/a><\/li>\n\n\n\n<li><a href='?page_no=18066'>18066<\/a><\/li>\n\n\n\n<li class='active'><a>18067<\/a><\/li>\n\n\n\n<li><a href='?page_no=18068'>18068<\/a><\/li>\n\n\n\n<li><a href='?page_no=18069'>18069<\/a><\/li>\n\n\n\n<li><a>...<\/a><\/li>\n\n\n\n<li><a href='?page_no=22911'>22911<\/a><\/li>\n\n\n\n<li><a href='?page_no=22912'>22912<\/a><\/li>\n\n    \n\t\n\n<li >\n\t<a href='?page_no=18068'>Next<\/a>\n\t<\/li>\n\n\n    \n\n<li><a href='?page_no=22912'>Last &rsaquo;&rsaquo;<\/a><\/li>\n\n<\/ul>\n\n\n--><br \/>\n<\/body><\/p>\n","protected":false},"excerpt":{"rendered":"<p>Rep.Dom, 26 de Enero.-Para conmemorar el 199 aniversario del natalicio del Padre de la Patria, Juan Pablo Duarte y Diez, la Universidad Aut\u00f3noma de Santo Domingo (UASD) deposit\u00f3 una ofrenda floral en su busto, ubicado frente a la Alma M\u00e1ter, en esa academia. El acto estuvo presidido por el vicerrector de Extensi\u00f3n, Francisco Terrero Galarza, [&hellip;]<\/p>\n","protected":false},"author":3,"featured_media":0,"comment_status":"open","ping_status":"open","sticky":false,"template":"","format":"standard","meta":{"footnotes":""},"categories":[21],"tags":[],"class_list":["post-66389","post","type-post","status-publish","format-standard","hentry","category-cultura"],"_links":{"self":[{"href":"https:\/\/diariodominicano.com\/index.php?rest_route=\/wp\/v2\/posts\/66389","targetHints":{"allow":["GET"]}}],"collection":[{"href":"https:\/\/diariodominicano.com\/index.php?rest_route=\/wp\/v2\/posts"}],"about":[{"href":"https:\/\/diariodominicano.com\/index.php?rest_route=\/wp\/v2\/types\/post"}],"author":[{"embeddable":true,"href":"https:\/\/diariodominicano.com\/index.php?rest_route=\/wp\/v2\/users\/3"}],"replies":[{"embeddable":true,"href":"https:\/\/diariodominicano.com\/index.php?rest_route=%2Fwp%2Fv2%2Fcomments&post=66389"}],"version-history":[{"count":0,"href":"https:\/\/diariodominicano.com\/index.php?rest_route=\/wp\/v2\/posts\/66389\/revisions"}],"wp:attachment":[{"href":"https:\/\/diariodominicano.com\/index.php?rest_route=%2Fwp%2Fv2%2Fmedia&parent=66389"}],"wp:term":[{"taxonomy":"category","embeddable":true,"href":"https:\/\/diariodominicano.com\/index.php?rest_route=%2Fwp%2Fv2%2Fcategories&post=66389"},{"taxonomy":"post_tag","embeddable":true,"href":"https:\/\/diariodominicano.com\/index.php?rest_route=%2Fwp%2Fv2%2Ftags&post=66389"}],"curies":[{"name":"wp","href":"https:\/\/api.w.org\/{rel}","templated":true}]}}