{"id":66388,"date":"2012-01-27T12:58:25","date_gmt":"2012-01-27T12:58:25","guid":{"rendered":"http:\/\/diariodominicano.ddns.net\/?p=66388"},"modified":"2012-01-27T12:58:25","modified_gmt":"2012-01-27T12:58:25","slug":"uasd-rinde-homenaje-postumo-al-sacerdote-y-catedratico-julio-cicero-mac-kinney","status":"publish","type":"post","link":"https:\/\/diariodominicano.com\/?p=66388","title":{"rendered":"UASD rinde homenaje p\u00f3stumo al sacerdote y catedr\u00e1tico Julio Cicero Mac-Kinney"},"content":{"rendered":"<p><body><\/p>\n<p><img decoding=\"async\" src=\"img3\/Homenaje post UASD.JPG\" \/><br \/><img decoding=\"async\" src=\"img3\/Homenaje post UASD 1.JPG\" \/>  <\/p>\n<p><span class=\"text1noticias\">Santo Domingo, 27 enero 2012.-  El Consejo de la Universidad Aut\u00f3noma de Santo Domingo, encabezado por el rector, maestro Mateo Aquino Febrillet, rindi\u00f3 homenaje p\u00f3stumo al fallecido sacerdote y catedr\u00e1tico  Julio Cicero Mac-Kinney, quien falleci\u00f3 este mi\u00e9rcoles tras permanecer por varios meses en cama.<\/span><\/p>\n<\/p>\n<p><span class=\"text1noticias\">La Guardia de Honor estuvo encabezada por el m\u00e1ximo ejecutivo de la UASD y los dem\u00e1s miembros del Consejo Universitario en el Manresa- Loyola donde fue velado el cuerpo del fenecido profesor de la universidad estatal.     <\/span><\/p>\n<\/p>\n<p><span class=\"text1noticias\">El padre Cicero, quien falleci\u00f3 a los 91 a\u00f1os, dedic\u00f3 su vida al cultivo y desarrollo de las ciencias naturales y la  formaci\u00f3n de profesionales en las ramas de biolog\u00eda, zoolog\u00eda, agronom\u00eda, ecolog\u00eda y la pedagog\u00eda.<\/span><\/p>\n<\/p>\n<p><span class=\"text1noticias\">Imparti\u00f3 docencia en el Instituto Polit\u00e9cnico Loyola de San Crist\u00f3bal, conjuntamente con el profesor Eugenio de Jes\u00fas Marcano en la carrera de Agronom\u00eda.<\/span><\/p>\n<\/p>\n<p><span class=\"text1noticias\">Junto a Marcano y F\u00e9lix Serbio Ducoudray se destac\u00f3 en el quehacer cient\u00edfico en la Rep\u00fablica Dominicana durante el per\u00edodo de 1978 al 1989.<\/span><\/p>\n<\/p>\n<p><span class=\"text1noticias\">Naci\u00f3 en M\u00e9rida (Yucat\u00e1n), el 12 de enero de 1921 y desde ni\u00f1o se interes\u00f3 en el estudio de las plantas y los animales de diversas especies, por lo que su inclinaci\u00f3n hacia la biolog\u00eda se conjug\u00f3 con su aut\u00e9ntica vocaci\u00f3n sacerdotal y su pasi\u00f3n por la ense\u00f1anza, cuya triple condici\u00f3n de sacerdote, bi\u00f3logo y profesor lo defini\u00f3 como un ser muy especial.<\/span><\/p>\n<\/p>\n<p><span class=\"text1noticias\">Lleg\u00f3 a la Rep\u00fablica Dominicana a los 18 a\u00f1os procedente de Cuba, donde finaliz\u00f3 sus estudios secundarios e ingresa en el Noviciado de San Etanislao, de la Compa\u00f1\u00eda de Jes\u00fas.<\/span><\/p>\n<\/p>\n<p><span class=\"text1noticias\">En 1957 es ordenado sacerdote en la Capilla del Colegio de Bel\u00e9n. Despu\u00e9s de completar sus estudios de Teolog\u00eda ingresa a la Universidad de Fordham (New York), donde realiz\u00f3 estudios especializados en biolog\u00eda, hasta alcanzar el grado de Master of Science<\/span>.<\/p>\n<h6> 2012-01-27 12:58:25 <\/h6>\n<p><!--\n<link rel=\"stylesheet\" href=\"css\/bootstrap.min.css\">\n\n\n<ul class=\"pagination\">\n\t    \n\t\n\n<li >\n\t<a href='?page_no=18065'>Previous<\/a>\n\t<\/li>\n\n\n       \n    \n\n<li><a href='?page_no=1'>1<\/a><\/li>\n\n\n\n<li><a href='?page_no=2'>2<\/a><\/li>\n\n\n\n<li><a>...<\/a><\/li>\n\n\n\n<li><a href='?page_no=18064'>18064<\/a><\/li>\n\n\n\n<li><a href='?page_no=18065'>18065<\/a><\/li>\n\n\n\n<li class='active'><a>18066<\/a><\/li>\n\n\n\n<li><a href='?page_no=18067'>18067<\/a><\/li>\n\n\n\n<li><a href='?page_no=18068'>18068<\/a><\/li>\n\n\n\n<li><a>...<\/a><\/li>\n\n\n\n<li><a href='?page_no=22911'>22911<\/a><\/li>\n\n\n\n<li><a href='?page_no=22912'>22912<\/a><\/li>\n\n    \n\t\n\n<li >\n\t<a href='?page_no=18067'>Next<\/a>\n\t<\/li>\n\n\n    \n\n<li><a href='?page_no=22912'>Last &rsaquo;&rsaquo;<\/a><\/li>\n\n<\/ul>\n\n\n--><br \/>\n<\/body><\/p>\n","protected":false},"excerpt":{"rendered":"<p>Santo Domingo, 27 enero 2012.- El Consejo de la Universidad Aut\u00f3noma de Santo Domingo, encabezado por el rector, maestro Mateo Aquino Febrillet, rindi\u00f3 homenaje p\u00f3stumo al fallecido sacerdote y catedr\u00e1tico Julio Cicero Mac-Kinney, quien falleci\u00f3 este mi\u00e9rcoles tras permanecer por varios meses en cama. La Guardia de Honor estuvo encabezada por el m\u00e1ximo ejecutivo de [&hellip;]<\/p>\n","protected":false},"author":3,"featured_media":0,"comment_status":"open","ping_status":"open","sticky":false,"template":"","format":"standard","meta":{"footnotes":""},"categories":[21],"tags":[],"class_list":["post-66388","post","type-post","status-publish","format-standard","hentry","category-cultura"],"_links":{"self":[{"href":"https:\/\/diariodominicano.com\/index.php?rest_route=\/wp\/v2\/posts\/66388","targetHints":{"allow":["GET"]}}],"collection":[{"href":"https:\/\/diariodominicano.com\/index.php?rest_route=\/wp\/v2\/posts"}],"about":[{"href":"https:\/\/diariodominicano.com\/index.php?rest_route=\/wp\/v2\/types\/post"}],"author":[{"embeddable":true,"href":"https:\/\/diariodominicano.com\/index.php?rest_route=\/wp\/v2\/users\/3"}],"replies":[{"embeddable":true,"href":"https:\/\/diariodominicano.com\/index.php?rest_route=%2Fwp%2Fv2%2Fcomments&post=66388"}],"version-history":[{"count":0,"href":"https:\/\/diariodominicano.com\/index.php?rest_route=\/wp\/v2\/posts\/66388\/revisions"}],"wp:attachment":[{"href":"https:\/\/diariodominicano.com\/index.php?rest_route=%2Fwp%2Fv2%2Fmedia&parent=66388"}],"wp:term":[{"taxonomy":"category","embeddable":true,"href":"https:\/\/diariodominicano.com\/index.php?rest_route=%2Fwp%2Fv2%2Fcategories&post=66388"},{"taxonomy":"post_tag","embeddable":true,"href":"https:\/\/diariodominicano.com\/index.php?rest_route=%2Fwp%2Fv2%2Ftags&post=66388"}],"curies":[{"name":"wp","href":"https:\/\/api.w.org\/{rel}","templated":true}]}}