{"id":66387,"date":"2012-01-27T14:21:49","date_gmt":"2012-01-27T14:21:49","guid":{"rendered":"http:\/\/diariodominicano.ddns.net\/?p=66387"},"modified":"2012-01-27T14:21:49","modified_gmt":"2012-01-27T14:21:49","slug":"armando-almanzar-gana-premio-nacional-de-literatura-2012","status":"publish","type":"post","link":"https:\/\/diariodominicano.com\/?p=66387","title":{"rendered":"Armando Alm\u00e1nzar gana Premio Nacional de Literatura 2012"},"content":{"rendered":"<p><body><\/p>\n<p><img decoding=\"async\" src=\"img3\/Armando Almanzar Premio Nac Literatura.jpg\" \/>  <\/p>\n<p><span class=\"text1noticias\">Santo Domingo, Rep. Dominicana,  27 de Enero del 2012.- La Fundaci\u00f3n Corripio y el Ministerio de Cultura anunciaron que el ganador del Premio Nacional de Literatura 2012 es el cuentista, cr\u00edtico de cine y periodista Armando Alm\u00e1nzar.<\/span><\/p>\n<\/p>\n<p><span class=\"text1noticias\">El jurado compuesto por el ministro de Cultura, Jos\u00e9 Rafael Lantigua y los rectores de las universidades Aut\u00f3noma de Santo Domingo (UASD), Mateo Aquino Febrillet; Nacional Pedro Enr\u00edquez Ure\u00f1a (UNPHU), Miguel R. Fiallo;  el Instituto Tecnol\u00f3gico de Santo Domingo (INTEC), Rolando M. Guzm\u00e1n; la Cat\u00f3lica de Santo Domingo, reverendo Ram\u00f3n Alonso y la Central del Este (UCE), Jos\u00e9 Haz\u00edm Frappier resaltaron la trayectoria de Alm\u00e1nzar, a  qui\u00e9n  consideraron una figura representativa de la generaci\u00f3n de los a\u00f1os 60.<\/span><\/p>\n<\/p>\n<p><span class=\"text1noticias\">Al ganador recibir\u00e1 un pergamino de reconocimiento y la suma de un mill\u00f3n de pesos.<\/span><\/p>\n<\/p>\n<p><span class=\"text1noticias\">El empresario Jos\u00e9 Luis Corripio Estrada, se comunic\u00f3 v\u00eda telef\u00f3nica con Alm\u00e1nzar para informarle que hab\u00eda sido seleccionado como ganador del Premio Nacional de Literatura.<\/span><\/p>\n<\/p>\n<p><span class=\"text1noticias\">Han sido merecedores del galard\u00f3n en a\u00f1os anteriores Janet Miller, en el 2011, Mateo Morrinson en el 2010, Jos\u00e9 Alc\u00e1ntara Alm\u00e1nzar en el 2009, y Bruno Rosario Candelier en el 2008.<\/span><\/p>\n<\/p>\n<p><span class=\"text1noticias\">Armando Alm\u00e1nzar naci\u00f3 el 22 de mayo de 1935, y es conocido como cuentista, cr\u00edtico de cine y periodista. Estudio en la UASD, la carrera de derecho. Comenz\u00f3 a escribir de cine en 1963, y sus primeros cuentos aparecieron en el 1965<\/span>.<\/p>\n<h6> 2012-01-27 14:21:49 <\/h6>\n<p><!--\n<link rel=\"stylesheet\" href=\"css\/bootstrap.min.css\">\n\n\n<ul class=\"pagination\">\n\t    \n\t\n\n<li >\n\t<a href='?page_no=18064'>Previous<\/a>\n\t<\/li>\n\n\n       \n    \n\n<li><a href='?page_no=1'>1<\/a><\/li>\n\n\n\n<li><a href='?page_no=2'>2<\/a><\/li>\n\n\n\n<li><a>...<\/a><\/li>\n\n\n\n<li><a href='?page_no=18063'>18063<\/a><\/li>\n\n\n\n<li><a href='?page_no=18064'>18064<\/a><\/li>\n\n\n\n<li class='active'><a>18065<\/a><\/li>\n\n\n\n<li><a href='?page_no=18066'>18066<\/a><\/li>\n\n\n\n<li><a href='?page_no=18067'>18067<\/a><\/li>\n\n\n\n<li><a>...<\/a><\/li>\n\n\n\n<li><a href='?page_no=22911'>22911<\/a><\/li>\n\n\n\n<li><a href='?page_no=22912'>22912<\/a><\/li>\n\n    \n\t\n\n<li >\n\t<a href='?page_no=18066'>Next<\/a>\n\t<\/li>\n\n\n    \n\n<li><a href='?page_no=22912'>Last &rsaquo;&rsaquo;<\/a><\/li>\n\n<\/ul>\n\n\n--><br \/>\n<\/body><\/p>\n","protected":false},"excerpt":{"rendered":"<p>Santo Domingo, Rep. Dominicana, 27 de Enero del 2012.- La Fundaci\u00f3n Corripio y el Ministerio de Cultura anunciaron que el ganador del Premio Nacional de Literatura 2012 es el cuentista, cr\u00edtico de cine y periodista Armando Alm\u00e1nzar. El jurado compuesto por el ministro de Cultura, Jos\u00e9 Rafael Lantigua y los rectores de las universidades Aut\u00f3noma [&hellip;]<\/p>\n","protected":false},"author":3,"featured_media":0,"comment_status":"open","ping_status":"open","sticky":false,"template":"","format":"standard","meta":{"footnotes":""},"categories":[21],"tags":[],"class_list":["post-66387","post","type-post","status-publish","format-standard","hentry","category-cultura"],"_links":{"self":[{"href":"https:\/\/diariodominicano.com\/index.php?rest_route=\/wp\/v2\/posts\/66387","targetHints":{"allow":["GET"]}}],"collection":[{"href":"https:\/\/diariodominicano.com\/index.php?rest_route=\/wp\/v2\/posts"}],"about":[{"href":"https:\/\/diariodominicano.com\/index.php?rest_route=\/wp\/v2\/types\/post"}],"author":[{"embeddable":true,"href":"https:\/\/diariodominicano.com\/index.php?rest_route=\/wp\/v2\/users\/3"}],"replies":[{"embeddable":true,"href":"https:\/\/diariodominicano.com\/index.php?rest_route=%2Fwp%2Fv2%2Fcomments&post=66387"}],"version-history":[{"count":0,"href":"https:\/\/diariodominicano.com\/index.php?rest_route=\/wp\/v2\/posts\/66387\/revisions"}],"wp:attachment":[{"href":"https:\/\/diariodominicano.com\/index.php?rest_route=%2Fwp%2Fv2%2Fmedia&parent=66387"}],"wp:term":[{"taxonomy":"category","embeddable":true,"href":"https:\/\/diariodominicano.com\/index.php?rest_route=%2Fwp%2Fv2%2Fcategories&post=66387"},{"taxonomy":"post_tag","embeddable":true,"href":"https:\/\/diariodominicano.com\/index.php?rest_route=%2Fwp%2Fv2%2Ftags&post=66387"}],"curies":[{"name":"wp","href":"https:\/\/api.w.org\/{rel}","templated":true}]}}