{"id":663866,"date":"2026-02-05T02:41:38","date_gmt":"2026-02-05T06:41:38","guid":{"rendered":"https:\/\/diariodominicano.com\/?p=663866"},"modified":"2026-02-05T02:42:49","modified_gmt":"2026-02-05T06:42:49","slug":"mexico-reitera-busqueda-de-vias-diplomaticas-para-enviar-crudo-a-cuba-cobertura-ampliada","status":"publish","type":"post","link":"https:\/\/diariodominicano.com\/?p=663866","title":{"rendered":"M\u00e9xico reitera b\u00fasqueda de v\u00edas diplom\u00e1ticas para enviar crudo a Cuba (+Cobertura ampliada)"},"content":{"rendered":"\n<p>Ciudad de M\u00e9xico, 4 feb (Prensa Latina) La presidenta Claudia Sheinbaum reiter\u00f3 hoy que M\u00e9xico est\u00e1 buscando todas las v\u00edas diplom\u00e1ticas para enviar petr\u00f3leo a Cuba, tras la amenaza de Estados Unidos de imponer aranceles a naciones que suministren crudo a la isla.<\/p>\n\n\n\n<p><\/p>\n\n\n\n<ul class=\"wp-block-list\">\n<li><a href=\"https:\/\/www.prensa-latina.cu\/2026\/02\/04\/\"><time>febrero 4, 2026 | 13:15<\/time><\/a><\/li>\n<\/ul>\n\n\n\n<ul class=\"wp-block-list\">\n<li><a href=\"https:\/\/www.prensa-latina.cu\/2026\/02\/04\/mexico-reitera-busqueda-de-vias-diplomaticas-para-enviar-crudo-a-cuba\/#\"><\/a><\/li>\n\n\n\n<li><a href=\"https:\/\/www.prensa-latina.cu\/2026\/02\/04\/mexico-reitera-busqueda-de-vias-diplomaticas-para-enviar-crudo-a-cuba\/#\"><\/a><\/li>\n\n\n\n<li><a href=\"https:\/\/www.prensa-latina.cu\/2026\/02\/04\/mexico-reitera-busqueda-de-vias-diplomaticas-para-enviar-crudo-a-cuba\/#\"><\/a><\/li>\n\n\n\n<li><a href=\"https:\/\/www.prensa-latina.cu\/2026\/02\/04\/mexico-reitera-busqueda-de-vias-diplomaticas-para-enviar-crudo-a-cuba\/#\"><\/a><\/li>\n<\/ul>\n\n\n\n<p>\u201cEl problema que tenemos ahora es que Estados Unidos dijo que va a poner aranceles a cualquier pa\u00eds que le venda a Cuba, por eso estamos buscando todas las v\u00edas diplom\u00e1ticas para poder resolver ese problema, porque no queremos afectar a M\u00e9xico tampoco\u201d, dijo la mandataria.<\/p>\n\n\n\n<p>En respuesta a una pregunta durante su habitual encuentro con medios de comunicaci\u00f3n desde Palacio Nacional, la jefa del Ejecutivo reafirm\u00f3 su decisi\u00f3n de mandar ayuda humanitaria a la mayor de las Antillas \u201cmientras tanto, en lo que se resuelve el tema del petr\u00f3leo\u201d.<\/p>\n\n\n\n<p>Mencion\u00f3 la existencia de otros contratos con la naci\u00f3n caribe\u00f1a, asediada durante m\u00e1s de 60 a\u00f1os por el bloqueo econ\u00f3mico, comercial y financiero aplicado por Washington y recrudecido a\u00fan m\u00e1s luego del reciente decreto del presidente norteamericano, Donald Trump.<\/p>\n\n\n\n<p>La dignataria se refiri\u00f3 este mi\u00e9rcoles a los acuerdos para que m\u00e9dicos del pa\u00eds caribe\u00f1o laboren en M\u00e9xico, donde son necesarios y \u201cse les paga lo que se les debe pagar\u201d, adem\u00e1s de compras de algunos medicamentos y vacunas.<\/p>\n\n\n\n<p>\u201cSon contratos, como se tienen contratos con muchos otros pa\u00edses del mundo, y tambi\u00e9n como se da ayuda humanitaria a todo el mundo\u201d, se\u00f1al\u00f3 Sheinbaum, al recalcar el apoyo que tambi\u00e9n ha dado su naci\u00f3n a otras como Estados Unidos y Chile ante incendios forestales.<\/p>\n\n\n\n<p>\u201cDonde nos necesitan \u2013afirm\u00f3-, ah\u00ed vamos a estar, porque M\u00e9xico es un pa\u00eds y un pueblo solidario\u201d.<\/p>\n\n\n\n<p>Por su parte, el director de Petr\u00f3leos Mexicanos (Pemex), V\u00edctor Rodr\u00edguez, detall\u00f3 que la empresa estatal solo tiene un contrato con la isla, de 2023, y se trata de un acuerdo comercial como el existente con otras naciones del mundo.<\/p>\n\n\n\n<p>\u201cEl a\u00f1o pasado fue menos del uno por ciento de la producci\u00f3n de crudo y en t\u00e9rminos de la venta que tenemos de petrol\u00edferos es de 0,1 por ciento de las ventas de Pemex; o sea, es muy poquito\u201d, apunt\u00f3 el funcionario.<\/p>\n\n\n\n<p>A\u00f1adi\u00f3 que en 2025 lo vendido a la isla entre crudo y petrol\u00edferos totaliz\u00f3 496 millones de d\u00f3lares y subray\u00f3 que Cuba est\u00e1 pagando, conforme al contrato.<\/p>\n\n\n\n<p>Dis\u00edmiles voces, desde parlamentarios hasta partidos pol\u00edticos y organizaciones sociales, se han pronunciado en los \u00faltimos d\u00edas en respaldo a la naci\u00f3n antillana frente al asedio energ\u00e9tico de Washington, calificado de injusto, cruel y anacr\u00f3nico.<\/p>\n\n\n\n<p>Sheinbaum ha expresado en varias ocasiones que M\u00e9xico buscar\u00e1 la manera de apoyar a Cuba y recalcado la importancia de evitar una crisis humanitaria en la mayor de las Antillas luego de las cuestionadas medidas anunciadas por Estados Unidos.<\/p>\n\n\n\n<p>jha\/las<\/p>\n\n\n\n<ul class=\"wp-block-list\">\n<li>#<a href=\"https:\/\/www.prensa-latina.cu\/etiqueta\/aranceles\/\">aranceles<\/a>\u00a0#<a href=\"https:\/\/www.prensa-latina.cu\/etiqueta\/cuba\/\">cuba<\/a>\u00a0#<a href=\"https:\/\/www.prensa-latina.cu\/etiqueta\/eeuu\/\">eeuu<\/a>\u00a0#<a href=\"https:\/\/www.prensa-latina.cu\/etiqueta\/mexico\/\">M\u00e9xico<\/a>\u00a0#<a href=\"https:\/\/www.prensa-latina.cu\/etiqueta\/petroleo\/\">petr\u00f3leo<\/a>\u00a0#<a href=\"https:\/\/www.prensa-latina.cu\/etiqueta\/trump\/\">trump<\/a><\/li>\n<\/ul>\n","protected":false},"excerpt":{"rendered":"<p>Ciudad de M\u00e9xico, 4 feb (Prensa Latina) La presidenta Claudia Sheinbaum reiter\u00f3 hoy que M\u00e9xico est\u00e1 buscando todas las v\u00edas diplom\u00e1ticas para enviar petr\u00f3leo a Cuba, tras la amenaza de Estados Unidos de imponer aranceles a naciones que suministren crudo a la isla. \u201cEl problema que tenemos ahora es que Estados Unidos dijo que va [&hellip;]<\/p>\n","protected":false},"author":28,"featured_media":663867,"comment_status":"open","ping_status":"closed","sticky":false,"template":"","format":"standard","meta":{"footnotes":""},"categories":[23],"tags":[3100,4246],"class_list":["post-663866","post","type-post","status-publish","format-standard","has-post-thumbnail","hentry","category-internacional","tag-cuba","tag-mexico-3"],"_links":{"self":[{"href":"https:\/\/diariodominicano.com\/index.php?rest_route=\/wp\/v2\/posts\/663866","targetHints":{"allow":["GET"]}}],"collection":[{"href":"https:\/\/diariodominicano.com\/index.php?rest_route=\/wp\/v2\/posts"}],"about":[{"href":"https:\/\/diariodominicano.com\/index.php?rest_route=\/wp\/v2\/types\/post"}],"author":[{"embeddable":true,"href":"https:\/\/diariodominicano.com\/index.php?rest_route=\/wp\/v2\/users\/28"}],"replies":[{"embeddable":true,"href":"https:\/\/diariodominicano.com\/index.php?rest_route=%2Fwp%2Fv2%2Fcomments&post=663866"}],"version-history":[{"count":2,"href":"https:\/\/diariodominicano.com\/index.php?rest_route=\/wp\/v2\/posts\/663866\/revisions"}],"predecessor-version":[{"id":663870,"href":"https:\/\/diariodominicano.com\/index.php?rest_route=\/wp\/v2\/posts\/663866\/revisions\/663870"}],"wp:featuredmedia":[{"embeddable":true,"href":"https:\/\/diariodominicano.com\/index.php?rest_route=\/wp\/v2\/media\/663867"}],"wp:attachment":[{"href":"https:\/\/diariodominicano.com\/index.php?rest_route=%2Fwp%2Fv2%2Fmedia&parent=663866"}],"wp:term":[{"taxonomy":"category","embeddable":true,"href":"https:\/\/diariodominicano.com\/index.php?rest_route=%2Fwp%2Fv2%2Fcategories&post=663866"},{"taxonomy":"post_tag","embeddable":true,"href":"https:\/\/diariodominicano.com\/index.php?rest_route=%2Fwp%2Fv2%2Ftags&post=663866"}],"curies":[{"name":"wp","href":"https:\/\/api.w.org\/{rel}","templated":true}]}}