{"id":66386,"date":"2012-01-27T14:48:17","date_gmt":"2012-01-27T14:48:17","guid":{"rendered":"http:\/\/diariodominicano.ddns.net\/?p=66386"},"modified":"2012-01-27T14:48:17","modified_gmt":"2012-01-27T14:48:17","slug":"ganan-premios-casa-2012-autores-de-argentina-cuba-haiti-y-brasil","status":"publish","type":"post","link":"https:\/\/diariodominicano.com\/?p=66386","title":{"rendered":"Ganan Premios Casa 2012 autores de Argentina, Cuba, Hait\u00ed y Brasil &#13;"},"content":{"rendered":"<p><body><\/p>\n<p><span class=\"text1noticias\">LA HABANA, 27 ene (Xinhua).- Intelectuales de Argentina, Hait\u00ed,Brasil y Cuba resultaron ganadores del 53 Premio literario Casa de las Am\u00e9ricas 2012, en sus seis categor\u00edas en concurso al que se presentaron 377 obras, destacaron hoy los medios de la isla. <\/span><\/p>\n<p><span class=\"text1noticias\">   <\/span><\/p>\n<p><span class=\"text1noticias\">La escritora Zuleica  Romay, presidenta del Instituto Cubano del Libro, gan\u00f3 el lauro en la secci\u00f3n extraordinaria de Estudios sobre la presencia negra en Am\u00e9rica y el Caribe contempor\u00e1neos, con su libro\u00bbElogio de la altea o las paradojas de la racialidad\u00bb. <\/span><\/p>\n<p><span class=\"text1noticias\">   <\/span><\/p>\n<p><span class=\"text1noticias\">Durante la ceremonia de premiaci\u00f3n celebrada anoche, Romay expres\u00f3que la obra \u00abes una peque\u00f1a contribuci\u00f3n a la lucha en Cuba desde 1959 por la plena igualdad y la justicia social y es un intento de comparar la experiencia nacional con la historia de otros pa\u00edses de Am\u00e9rica Latina y el Caribe\u00bb. <\/span><\/p>\n<p><span class=\"text1noticias\">   <\/span><\/p>\n<p><span class=\"text1noticias\">Su coterr\u00e1nea Cristina Beltr\u00e1n se alz\u00f3 con la distinci\u00f3n en el segmento de Estudios sobre latinos en Estados Unidos, con el t\u00edtulo\u00bbThe trouble With Unity: Latino politics and the creation of identity\u00bb(El problema con la unidad: la pol\u00edtica latina y la creaci\u00f3n de la identidad). <\/span><\/p>\n<p><span class=\"text1noticias\">   <\/span><\/p>\n<p><span class=\"text1noticias\">El escritor haitiano Gary V\u00edctor venci\u00f3 en Literatura caribe\u00f1a en franc\u00e9s o creole, con \u00abLe sang et la mer\u00bb (La sangre y el mar),mientras que en Literatura brasile\u00f1a el honor correspondi\u00f3 a Joao Reis, Flavio dos Santos y J. M de Carvalho, con \u00abO aluf\u00e1 Rufino:Tr\u00e1fico, escravidao e liberdade no Atl\u00e1ntico negro (1822-1853)\u00bb. <\/span><\/p>\n<p><span class=\"text1noticias\">   <\/span><\/p>\n<p><span class=\"text1noticias\">En Teatro se llevaron el premio los argentinos Ignacio Apolo y Laura Gutman, con \u00abEl tao del sexo\u00bb, y en Literatura para ni\u00f1os gan\u00f3Josefina Porcelli Piussi, tambi\u00e9n de Argentina, con la novela \u00abMi hermano lleg\u00f3 de otro planeta un d\u00eda de mucho viento\u00bb. <\/span><\/p>\n<p><span class=\"text1noticias\">   <\/span><\/p>\n<p><span class=\"text1noticias\">Los premios honor\u00edficos correspondieron en Ensayo al libro \u00abPromesa y descontento de la modernidad. Estudios literarios y culturales en Am\u00e9rica Latina\u00bb, de Ra\u00fal Bueno, de Per\u00fa, y en Narrativa, a \u00abBlanco nocturno\u00bb, del argentino Ricardo Piglia. <\/span><\/p>\n<p><span class=\"text1noticias\">   <\/span><\/p>\n<p><span class=\"text1noticias\">En Poes\u00eda se agenci\u00f3 la primicia el ecuatoriano Humberto Vinueza,con \u00abObra cierta. Antolog\u00eda po\u00e9tica\u00bb<\/span>. <\/p>\n<h6> 2012-01-27 14:48:17 <\/h6>\n<p><!--\n<link rel=\"stylesheet\" href=\"css\/bootstrap.min.css\">\n\n\n<ul class=\"pagination\">\n\t    \n\t\n\n<li >\n\t<a href='?page_no=18063'>Previous<\/a>\n\t<\/li>\n\n\n       \n    \n\n<li><a href='?page_no=1'>1<\/a><\/li>\n\n\n\n<li><a href='?page_no=2'>2<\/a><\/li>\n\n\n\n<li><a>...<\/a><\/li>\n\n\n\n<li><a href='?page_no=18062'>18062<\/a><\/li>\n\n\n\n<li><a href='?page_no=18063'>18063<\/a><\/li>\n\n\n\n<li class='active'><a>18064<\/a><\/li>\n\n\n\n<li><a href='?page_no=18065'>18065<\/a><\/li>\n\n\n\n<li><a href='?page_no=18066'>18066<\/a><\/li>\n\n\n\n<li><a>...<\/a><\/li>\n\n\n\n<li><a href='?page_no=22911'>22911<\/a><\/li>\n\n\n\n<li><a href='?page_no=22912'>22912<\/a><\/li>\n\n    \n\t\n\n<li >\n\t<a href='?page_no=18065'>Next<\/a>\n\t<\/li>\n\n\n    \n\n<li><a href='?page_no=22912'>Last &rsaquo;&rsaquo;<\/a><\/li>\n\n<\/ul>\n\n\n--><br \/>\n<\/body><\/p>\n","protected":false},"excerpt":{"rendered":"<p>LA HABANA, 27 ene (Xinhua).- Intelectuales de Argentina, Hait\u00ed,Brasil y Cuba resultaron ganadores del 53 Premio literario Casa de las Am\u00e9ricas 2012, en sus seis categor\u00edas en concurso al que se presentaron 377 obras, destacaron hoy los medios de la isla. La escritora Zuleica Romay, presidenta del Instituto Cubano del Libro, gan\u00f3 el lauro en [&hellip;]<\/p>\n","protected":false},"author":3,"featured_media":0,"comment_status":"open","ping_status":"open","sticky":false,"template":"","format":"standard","meta":{"footnotes":""},"categories":[21],"tags":[],"class_list":["post-66386","post","type-post","status-publish","format-standard","hentry","category-cultura"],"_links":{"self":[{"href":"https:\/\/diariodominicano.com\/index.php?rest_route=\/wp\/v2\/posts\/66386","targetHints":{"allow":["GET"]}}],"collection":[{"href":"https:\/\/diariodominicano.com\/index.php?rest_route=\/wp\/v2\/posts"}],"about":[{"href":"https:\/\/diariodominicano.com\/index.php?rest_route=\/wp\/v2\/types\/post"}],"author":[{"embeddable":true,"href":"https:\/\/diariodominicano.com\/index.php?rest_route=\/wp\/v2\/users\/3"}],"replies":[{"embeddable":true,"href":"https:\/\/diariodominicano.com\/index.php?rest_route=%2Fwp%2Fv2%2Fcomments&post=66386"}],"version-history":[{"count":0,"href":"https:\/\/diariodominicano.com\/index.php?rest_route=\/wp\/v2\/posts\/66386\/revisions"}],"wp:attachment":[{"href":"https:\/\/diariodominicano.com\/index.php?rest_route=%2Fwp%2Fv2%2Fmedia&parent=66386"}],"wp:term":[{"taxonomy":"category","embeddable":true,"href":"https:\/\/diariodominicano.com\/index.php?rest_route=%2Fwp%2Fv2%2Fcategories&post=66386"},{"taxonomy":"post_tag","embeddable":true,"href":"https:\/\/diariodominicano.com\/index.php?rest_route=%2Fwp%2Fv2%2Ftags&post=66386"}],"curies":[{"name":"wp","href":"https:\/\/api.w.org\/{rel}","templated":true}]}}