{"id":66385,"date":"2012-01-27T15:34:59","date_gmt":"2012-01-27T15:34:59","guid":{"rendered":"http:\/\/diariodominicano.ddns.net\/?p=66385"},"modified":"2012-01-27T15:34:59","modified_gmt":"2012-01-27T15:34:59","slug":"cubanos-rinden-homenaje-a-su-heroe-nacional","status":"publish","type":"post","link":"https:\/\/diariodominicano.com\/?p=66385","title":{"rendered":"Cubanos rinden homenaje a su h\u00e9roe nacional"},"content":{"rendered":"<p><body><\/p>\n<p><span class=\"text1noticias\">LA HABANA, 27 ene (Xinhua).- Los estudiantes cubanos rindieron tributo hoy en los centros docentes a su h\u00e9roe nacional Jos\u00e9 Mart\u00ed, en v\u00edspera del aniversario 159 de su natalicio. <\/span><\/p>\n<p><span class=\"text1noticias\">   En actos pol\u00edticos y charlas matutinas, los ni\u00f1os, adolescentes y j\u00f3venes de la isla recordaron al pr\u00f3cer independentista, quien fue poeta, periodista, diplom\u00e1tico, profesor y l\u00edder pol\u00edtico en la lucha insurreccional contra el colonialismo espa\u00f1ol en la mayor de las Antillas. <\/span><\/p>\n<p><span class=\"text1noticias\">   Como parte del homenaje, miles de educandos reeditar\u00e1n en la noche de hoy la tradicional Marcha de las Antorchas, que partir\u00e1 desde la casi tricentenaria Universidad de La Habana y recorrer\u00e1 varias avenidas de la capital. <\/span><\/p>\n<p><span class=\"text1noticias\">   La primera peregrinaci\u00f3n de este tipo se realiz\u00f3 el 27 de enero de 1953, encabezada por el l\u00edder revolucionario cubano Fidel Castro, en ocasi\u00f3n del centenario del nacimiento del organizador del \u00faltimo intento independentista contra Espa\u00f1a en el siglo XIX. <\/span><\/p>\n<p><span class=\"text1noticias\">   Tambi\u00e9n en honor a Mart\u00ed ser\u00e1n disparadas, al mediod\u00eda de ma\u00f1ana s\u00e1bado y de manera simult\u00e1nea, 21salvas de artiller\u00eda desde la Fortaleza de San Carlos de la Caba\u00f1a, en La Habana, y el Cementerio de Santa Ifigenia, en la oriental ciudad de Santiago de Cuba, donde reposan sus restos<\/span>. <\/p>\n<h6> 2012-01-27 15:34:59 <\/h6>\n<p><!--\n<link rel=\"stylesheet\" href=\"css\/bootstrap.min.css\">\n\n\n<ul class=\"pagination\">\n\t    \n\t\n\n<li >\n\t<a href='?page_no=18062'>Previous<\/a>\n\t<\/li>\n\n\n       \n    \n\n<li><a href='?page_no=1'>1<\/a><\/li>\n\n\n\n<li><a href='?page_no=2'>2<\/a><\/li>\n\n\n\n<li><a>...<\/a><\/li>\n\n\n\n<li><a href='?page_no=18061'>18061<\/a><\/li>\n\n\n\n<li><a href='?page_no=18062'>18062<\/a><\/li>\n\n\n\n<li class='active'><a>18063<\/a><\/li>\n\n\n\n<li><a href='?page_no=18064'>18064<\/a><\/li>\n\n\n\n<li><a href='?page_no=18065'>18065<\/a><\/li>\n\n\n\n<li><a>...<\/a><\/li>\n\n\n\n<li><a href='?page_no=22911'>22911<\/a><\/li>\n\n\n\n<li><a href='?page_no=22912'>22912<\/a><\/li>\n\n    \n\t\n\n<li >\n\t<a href='?page_no=18064'>Next<\/a>\n\t<\/li>\n\n\n    \n\n<li><a href='?page_no=22912'>Last &rsaquo;&rsaquo;<\/a><\/li>\n\n<\/ul>\n\n\n--><br \/>\n<\/body><\/p>\n","protected":false},"excerpt":{"rendered":"<p>LA HABANA, 27 ene (Xinhua).- Los estudiantes cubanos rindieron tributo hoy en los centros docentes a su h\u00e9roe nacional Jos\u00e9 Mart\u00ed, en v\u00edspera del aniversario 159 de su natalicio. En actos pol\u00edticos y charlas matutinas, los ni\u00f1os, adolescentes y j\u00f3venes de la isla recordaron al pr\u00f3cer independentista, quien fue poeta, periodista, diplom\u00e1tico, profesor y l\u00edder [&hellip;]<\/p>\n","protected":false},"author":3,"featured_media":0,"comment_status":"open","ping_status":"open","sticky":false,"template":"","format":"standard","meta":{"footnotes":""},"categories":[21],"tags":[],"class_list":["post-66385","post","type-post","status-publish","format-standard","hentry","category-cultura"],"_links":{"self":[{"href":"https:\/\/diariodominicano.com\/index.php?rest_route=\/wp\/v2\/posts\/66385","targetHints":{"allow":["GET"]}}],"collection":[{"href":"https:\/\/diariodominicano.com\/index.php?rest_route=\/wp\/v2\/posts"}],"about":[{"href":"https:\/\/diariodominicano.com\/index.php?rest_route=\/wp\/v2\/types\/post"}],"author":[{"embeddable":true,"href":"https:\/\/diariodominicano.com\/index.php?rest_route=\/wp\/v2\/users\/3"}],"replies":[{"embeddable":true,"href":"https:\/\/diariodominicano.com\/index.php?rest_route=%2Fwp%2Fv2%2Fcomments&post=66385"}],"version-history":[{"count":0,"href":"https:\/\/diariodominicano.com\/index.php?rest_route=\/wp\/v2\/posts\/66385\/revisions"}],"wp:attachment":[{"href":"https:\/\/diariodominicano.com\/index.php?rest_route=%2Fwp%2Fv2%2Fmedia&parent=66385"}],"wp:term":[{"taxonomy":"category","embeddable":true,"href":"https:\/\/diariodominicano.com\/index.php?rest_route=%2Fwp%2Fv2%2Fcategories&post=66385"},{"taxonomy":"post_tag","embeddable":true,"href":"https:\/\/diariodominicano.com\/index.php?rest_route=%2Fwp%2Fv2%2Ftags&post=66385"}],"curies":[{"name":"wp","href":"https:\/\/api.w.org\/{rel}","templated":true}]}}