{"id":66383,"date":"2012-01-27T20:34:18","date_gmt":"2012-01-27T20:34:18","guid":{"rendered":"http:\/\/diariodominicano.ddns.net\/?p=66383"},"modified":"2012-01-27T20:34:18","modified_gmt":"2012-01-27T20:34:18","slug":"itla-gradua-291-nuevos-profesionales","status":"publish","type":"post","link":"https:\/\/diariodominicano.com\/?p=66383","title":{"rendered":"ITLA grad\u00faa 291 nuevos profesionales"},"content":{"rendered":"<p><body><\/p>\n<p><span class=\"text1noticias\">Santo Domingo RD 27 enero.- Un total de 291 nuevos profesionales de diversas \u00e1reas fueron investidos anoche por el Instituto Tecnol\u00f3gico de Las Am\u00e9ricas (ITLA), durante una ceremonia realizada en la Casa San Pablo.<\/span><\/p>\n<\/p>\n<p><span class=\"text1noticias\">El acto de investidura, en donde los j\u00f3venes se graduaron en las \u00e1reas de redes, desarrollo de software, multimedia, mecatr\u00f3nica y manufactura automatizada,   estuvo presidida por el presidente del consejo de directores, Eddy Mart\u00ednez Manzueta y el rector de dicha instituci\u00f3n, Jos\u00e9 Armando Tav\u00e1rez.<\/span><\/p>\n<\/p>\n<p><span class=\"text1noticias\">Tav\u00e1rez durante su discurso, expres\u00f3 \u00abme siento satisfecho con estos 291 nuevos profesionales que se grad\u00faan hoy, y con estos suman 512 los egresados de educaci\u00f3n superior\u00bb.<\/span><\/p>\n<\/p>\n<p><span class=\"text1noticias\">En nombre de los graduandos habl\u00f3 Jos\u00e9 Daniel V\u00e1squez, egresado de tecn\u00f3logo en redes y campe\u00f3n Latinoamericano y  del Caribe en la Competencia Internacional NetRiders 2011, quien agradeci\u00f3 la oportunidad que le brind\u00f3 el ITLA e Indotel para hacer realidad su sue\u00f1o. \u00abDe ahora en adelante los egresados de esta instituci\u00f3n de Educaci\u00f3n Superior, ser\u00e1n los l\u00edderes en nuestra regi\u00f3n\u00bb, enfatiz\u00f3 V\u00e1sque<\/span>z.<\/p>\n<h6> 2012-01-27 20:34:18 <\/h6>\n<p><!--\n<link rel=\"stylesheet\" href=\"css\/bootstrap.min.css\">\n\n\n<ul class=\"pagination\">\n\t    \n\t\n\n<li >\n\t<a href='?page_no=18060'>Previous<\/a>\n\t<\/li>\n\n\n       \n    \n\n<li><a href='?page_no=1'>1<\/a><\/li>\n\n\n\n<li><a href='?page_no=2'>2<\/a><\/li>\n\n\n\n<li><a>...<\/a><\/li>\n\n\n\n<li><a href='?page_no=18059'>18059<\/a><\/li>\n\n\n\n<li><a href='?page_no=18060'>18060<\/a><\/li>\n\n\n\n<li class='active'><a>18061<\/a><\/li>\n\n\n\n<li><a href='?page_no=18062'>18062<\/a><\/li>\n\n\n\n<li><a href='?page_no=18063'>18063<\/a><\/li>\n\n\n\n<li><a>...<\/a><\/li>\n\n\n\n<li><a href='?page_no=22911'>22911<\/a><\/li>\n\n\n\n<li><a href='?page_no=22912'>22912<\/a><\/li>\n\n    \n\t\n\n<li >\n\t<a href='?page_no=18062'>Next<\/a>\n\t<\/li>\n\n\n    \n\n<li><a href='?page_no=22912'>Last &rsaquo;&rsaquo;<\/a><\/li>\n\n<\/ul>\n\n\n--><br \/>\n<\/body><\/p>\n","protected":false},"excerpt":{"rendered":"<p>Santo Domingo RD 27 enero.- Un total de 291 nuevos profesionales de diversas \u00e1reas fueron investidos anoche por el Instituto Tecnol\u00f3gico de Las Am\u00e9ricas (ITLA), durante una ceremonia realizada en la Casa San Pablo. El acto de investidura, en donde los j\u00f3venes se graduaron en las \u00e1reas de redes, desarrollo de software, multimedia, mecatr\u00f3nica y [&hellip;]<\/p>\n","protected":false},"author":3,"featured_media":0,"comment_status":"open","ping_status":"open","sticky":false,"template":"","format":"standard","meta":{"footnotes":""},"categories":[21],"tags":[],"class_list":["post-66383","post","type-post","status-publish","format-standard","hentry","category-cultura"],"_links":{"self":[{"href":"https:\/\/diariodominicano.com\/index.php?rest_route=\/wp\/v2\/posts\/66383","targetHints":{"allow":["GET"]}}],"collection":[{"href":"https:\/\/diariodominicano.com\/index.php?rest_route=\/wp\/v2\/posts"}],"about":[{"href":"https:\/\/diariodominicano.com\/index.php?rest_route=\/wp\/v2\/types\/post"}],"author":[{"embeddable":true,"href":"https:\/\/diariodominicano.com\/index.php?rest_route=\/wp\/v2\/users\/3"}],"replies":[{"embeddable":true,"href":"https:\/\/diariodominicano.com\/index.php?rest_route=%2Fwp%2Fv2%2Fcomments&post=66383"}],"version-history":[{"count":0,"href":"https:\/\/diariodominicano.com\/index.php?rest_route=\/wp\/v2\/posts\/66383\/revisions"}],"wp:attachment":[{"href":"https:\/\/diariodominicano.com\/index.php?rest_route=%2Fwp%2Fv2%2Fmedia&parent=66383"}],"wp:term":[{"taxonomy":"category","embeddable":true,"href":"https:\/\/diariodominicano.com\/index.php?rest_route=%2Fwp%2Fv2%2Fcategories&post=66383"},{"taxonomy":"post_tag","embeddable":true,"href":"https:\/\/diariodominicano.com\/index.php?rest_route=%2Fwp%2Fv2%2Ftags&post=66383"}],"curies":[{"name":"wp","href":"https:\/\/api.w.org\/{rel}","templated":true}]}}