{"id":663829,"date":"2026-02-05T01:17:47","date_gmt":"2026-02-05T05:17:47","guid":{"rendered":"https:\/\/diariodominicano.com\/?p=663829"},"modified":"2026-02-05T01:17:52","modified_gmt":"2026-02-05T05:17:52","slug":"francia-tilda-de-ilegal-bloqueo-a-cuba-y-senala-su-impacto","status":"publish","type":"post","link":"https:\/\/diariodominicano.com\/?p=663829","title":{"rendered":"Francia tilda de ilegal bloqueo a Cuba y se\u00f1ala su impacto"},"content":{"rendered":"\n<p>Par\u00eds, 4 feb (Prensa Latina) El primer ministro franc\u00e9s, S\u00e9bastien Lecornu, calific\u00f3 hoy de ilegal el bloqueo econ\u00f3mico, comercial y financiero que Estados Unidos impone a Cuba y reconoci\u00f3 sus consecuencias para la vida de la poblaci\u00f3n de la isla.<\/p>\n\n\n\n<ul class=\"wp-block-list\">\n<li><a href=\"https:\/\/www.prensa-latina.cu\/2026\/02\/04\/ecuador-gabriela-rivadeneira-reivindica-dignidad-de-cuba-ante-eeuu\/#\"><\/a><\/li>\n\n\n\n<li><a href=\"https:\/\/www.prensa-latina.cu\/2026\/02\/04\/ecuador-gabriela-rivadeneira-reivindica-dignidad-de-cuba-ante-eeuu\/#\"><\/a><\/li>\n\n\n\n<li><a href=\"https:\/\/www.prensa-latina.cu\/2026\/02\/04\/ecuador-gabriela-rivadeneira-reivindica-dignidad-de-cuba-ante-eeuu\/#\"><\/a><\/li>\n\n\n\n<li><a href=\"https:\/\/www.prensa-latina.cu\/2026\/02\/04\/ecuador-gabriela-rivadeneira-reivindica-dignidad-de-cuba-ante-eeuu\/#\"><\/a><\/li>\n<\/ul>\n\n\n\n<p>En una sesi\u00f3n de preguntas y respuestas con el Gobierno en la Asamblea Nacional, el mandatario se\u00f1al\u00f3 que Francia se opone cada a\u00f1o en la ONU a esa pol\u00edtica de d\u00e9cadas y que lo hace en su condici\u00f3n de integrante de la Asamblea General del ente multilateral y de miembro permanente de su Consejo de Seguridad.<\/p>\n\n\n\n<p>Lecornu intervino despu\u00e9s de que el presidente del grupo de la Izquierda Democr\u00e1tica y Republicana en la c\u00e1mara baja, St\u00e9phane Peu, exigiera una reacci\u00f3n de Par\u00eds tanto a t\u00edtulo nacional como a nivel europeo frente al decreto dictado por Donald Trump la semana pasada en el que amenaz\u00f3 con aranceles a los pa\u00edses que suministren o env\u00eden petr\u00f3leo a Cuba.<\/p>\n\n\n\n<p>Peu denunci\u00f3 el impacto que tendr\u00e1 la nueva medida en sectores vitales de la poblaci\u00f3n y la inestabilidad que llevar\u00e1 al Caribe, regi\u00f3n donde Francia tiene presencia con sus territorios de ultramar de Guadalupe, Guayana, Martinica, San Bartolom\u00e9 y San Mart\u00edn.<\/p>\n\n\n\n<p>El diputado comunista reclam\u00f3 la asistencia humanitaria a los cubanos y la activaci\u00f3n de mecanismos de la Uni\u00f3n Europea que combatan la extraterritorialidad del bloqueo que aplica Estados Unidos y cualquier intento unilateral de obstaculizar la ayuda.<\/p>\n\n\n\n<p>De acuerdo con el primer ministro, Francia ha asistido a Cuba cada vez que lo ha considerado necesario y continuar\u00e1 haci\u00e9ndolo, aunque sin referirse al decreto de Trump que tilda a la isla de \u201cuna amenaza inusual y extraordinaria\u201d para la seguridad nacional de la potencia norte\u00f1a o al cerco petrolero que pretende establecer presionando a terceros.<\/p>\n\n\n\n<p>En sus palabras, Lecornu mencion\u00f3 al pueblo cubano, pero tom\u00f3 distancia del Gobierno de la naci\u00f3n antillana, tras las cuales Peu le record\u00f3 que durante la pandemia de la Covid-19 m\u00e9dicos de Cuba ayudaron a territorios de ultramar de Francia.<\/p>\n\n\n\n<p>ro\/wmr<\/p>\n","protected":false},"excerpt":{"rendered":"<p>Par\u00eds, 4 feb (Prensa Latina) El primer ministro franc\u00e9s, S\u00e9bastien Lecornu, calific\u00f3 hoy de ilegal el bloqueo econ\u00f3mico, comercial y financiero que Estados Unidos impone a Cuba y reconoci\u00f3 sus consecuencias para la vida de la poblaci\u00f3n de la isla. En una sesi\u00f3n de preguntas y respuestas con el Gobierno en la Asamblea Nacional, el [&hellip;]<\/p>\n","protected":false},"author":28,"featured_media":663830,"comment_status":"open","ping_status":"closed","sticky":false,"template":"","format":"standard","meta":{"footnotes":""},"categories":[23],"tags":[4248,3100],"class_list":["post-663829","post","type-post","status-publish","format-standard","has-post-thumbnail","hentry","category-internacional","tag-bloqueo","tag-cuba"],"_links":{"self":[{"href":"https:\/\/diariodominicano.com\/index.php?rest_route=\/wp\/v2\/posts\/663829","targetHints":{"allow":["GET"]}}],"collection":[{"href":"https:\/\/diariodominicano.com\/index.php?rest_route=\/wp\/v2\/posts"}],"about":[{"href":"https:\/\/diariodominicano.com\/index.php?rest_route=\/wp\/v2\/types\/post"}],"author":[{"embeddable":true,"href":"https:\/\/diariodominicano.com\/index.php?rest_route=\/wp\/v2\/users\/28"}],"replies":[{"embeddable":true,"href":"https:\/\/diariodominicano.com\/index.php?rest_route=%2Fwp%2Fv2%2Fcomments&post=663829"}],"version-history":[{"count":1,"href":"https:\/\/diariodominicano.com\/index.php?rest_route=\/wp\/v2\/posts\/663829\/revisions"}],"predecessor-version":[{"id":663831,"href":"https:\/\/diariodominicano.com\/index.php?rest_route=\/wp\/v2\/posts\/663829\/revisions\/663831"}],"wp:featuredmedia":[{"embeddable":true,"href":"https:\/\/diariodominicano.com\/index.php?rest_route=\/wp\/v2\/media\/663830"}],"wp:attachment":[{"href":"https:\/\/diariodominicano.com\/index.php?rest_route=%2Fwp%2Fv2%2Fmedia&parent=663829"}],"wp:term":[{"taxonomy":"category","embeddable":true,"href":"https:\/\/diariodominicano.com\/index.php?rest_route=%2Fwp%2Fv2%2Fcategories&post=663829"},{"taxonomy":"post_tag","embeddable":true,"href":"https:\/\/diariodominicano.com\/index.php?rest_route=%2Fwp%2Fv2%2Ftags&post=663829"}],"curies":[{"name":"wp","href":"https:\/\/api.w.org\/{rel}","templated":true}]}}