{"id":66382,"date":"2012-01-27T20:39:32","date_gmt":"2012-01-27T20:39:32","guid":{"rendered":"http:\/\/diariodominicano.ddns.net\/?p=66382"},"modified":"2012-01-27T20:39:32","modified_gmt":"2012-01-27T20:39:32","slug":"ponen-en-circulacion-manual-de-cultura-general","status":"publish","type":"post","link":"https:\/\/diariodominicano.com\/?p=66382","title":{"rendered":"&#13;&#13;Ponen en circulaci\u00f3n Manual de Cultura General"},"content":{"rendered":"<p><body><\/p>\n<p><span class=\"text1noticias\">Santo Domingo RD 27 enero.- El periodista y locutor Carlos Cepeda Suriel puso en circulaci\u00f3n anoche su libro Manual de Cultura General, texto ideal para aprender y hacer consultas sobre aspectos de la historia cultural dominicana.<\/span><\/p>\n<\/p>\n<p><span class=\"text1noticias\">La obra, que fue presentada anoche en la Sala de la Cultura A\u00edda Bonelly de D\u00edaz, est\u00e1 dirigida a comunicadores, estudiantes, a la juventud dominicana y al p\u00fablico en general.<\/span><\/p>\n<\/p>\n<p><span class=\"text1noticias\">La mesa de honor estuvo integrada por Carlos Cepeda Suriel, autor del libro; Alejandro Arvelo, director general de la Feria Internacional del Libro; Marisol Rivera, propietaria de la Escuela de Locuci\u00f3n Prof. Otto Rivera; Gabriel Read, rector de la Universidad Interamericana y Mar\u00eda Cristina Camilo, instituci\u00f3n de la locuci\u00f3n dominicana.<\/span><\/p>\n<\/p>\n<p><span class=\"text1noticias\">La presentaci\u00f3n del Manual de Cultura General, estuvo a cargo de Alejandro Arvelo, quien manifest\u00f3 que este libro es una obra monumental y un trabajo cicl\u00f3peo sin precedentes en la literatura nacional.<\/span><\/p>\n<\/p>\n<p><span class=\"text1noticias\">Dijo que Carlos Cepeda Suriel, con este manual, entrega a los lectores una obra que ense\u00f1a, educa y orienta de una manera completamente amena, atractiva y felicitaria. \u00abDesde la primera hasta la \u00faltima de sus p\u00e1ginas, est\u00e1 colmado de principios y consejos orientadores de la conducta\u00bb. Arvelo, destaca en el pr\u00f3logo, que la lectura emerge de las p\u00e1ginas de la obra como el medio por excelencia para allegarnos la formaci\u00f3n indispensable para el ejercicio profesional, e incluso para la actualizaci\u00f3n de nuestra condici\u00f3n de ciudadanos.<\/span><\/p>\n<\/p>\n<p><span class=\"text1noticias\">Cepeda Suriel tuvo numerosas motivaciones para escribir este material bibliogr\u00e1fico: el bajo nivel cultural que tienen los j\u00f3venes, el fr\u00e1gil acervo cultural que posee en la actualidad la mayor\u00eda de las personas y su esperanza de que los hombres y mujeres que hacen uso de los medios audiovisuales y escritos, conviertan el idioma espa\u00f1ol en pasaporte de identidad cultural.<\/span><\/p>\n<\/p>\n<p><span class=\"text1noticias\">Busca con el Manual de Cultura General que el lector tenga conocimiento desde el origen de la cultura dominicana hasta el esplendor de la cultura griega, egipcia y babil\u00f3nica, desde F\u00e9lix Mar\u00eda Del Monte hasta Miguel de Cervantes  y desde Salom\u00e9 Ure\u00f1a de Henr\u00edquez hasta Safo de Lesbos, entre otros aspectos.<\/span><\/p>\n<\/p>\n<p><span class=\"text1noticias\"> Al hacer uso de la palabra, Carlos Cepeda Suriel convirti\u00f3 su discurso en un recorrido por la cultura general, sin dejar de lado, el culpar a a muchos sectores de la sociedad  por el deterioro moral por el cual atraviesa el pa\u00eds.<\/span><\/p>\n<\/p>\n<p><span class=\"text1noticias\">Resalt\u00f3 Carlos Cepeda Suriel que pol\u00edticos,  religiosos, historiadores, intelectuales, empresarios, sic\u00f3logos, comunicadores y otros sectores, tienen parte de la culpa por sus irresponsabilidades<\/span>.<\/p>\n<\/p>\n<\/p>\n<h6> 2012-01-27 20:39:32 <\/h6>\n<p><!--\n<link rel=\"stylesheet\" href=\"css\/bootstrap.min.css\">\n\n\n<ul class=\"pagination\">\n\t    \n\t\n\n<li >\n\t<a href='?page_no=18059'>Previous<\/a>\n\t<\/li>\n\n\n       \n    \n\n<li><a href='?page_no=1'>1<\/a><\/li>\n\n\n\n<li><a href='?page_no=2'>2<\/a><\/li>\n\n\n\n<li><a>...<\/a><\/li>\n\n\n\n<li><a href='?page_no=18058'>18058<\/a><\/li>\n\n\n\n<li><a href='?page_no=18059'>18059<\/a><\/li>\n\n\n\n<li class='active'><a>18060<\/a><\/li>\n\n\n\n<li><a href='?page_no=18061'>18061<\/a><\/li>\n\n\n\n<li><a href='?page_no=18062'>18062<\/a><\/li>\n\n\n\n<li><a>...<\/a><\/li>\n\n\n\n<li><a href='?page_no=22911'>22911<\/a><\/li>\n\n\n\n<li><a href='?page_no=22912'>22912<\/a><\/li>\n\n    \n\t\n\n<li >\n\t<a href='?page_no=18061'>Next<\/a>\n\t<\/li>\n\n\n    \n\n<li><a href='?page_no=22912'>Last &rsaquo;&rsaquo;<\/a><\/li>\n\n<\/ul>\n\n\n--><br \/>\n<\/body><\/p>\n","protected":false},"excerpt":{"rendered":"<p>Santo Domingo RD 27 enero.- El periodista y locutor Carlos Cepeda Suriel puso en circulaci\u00f3n anoche su libro Manual de Cultura General, texto ideal para aprender y hacer consultas sobre aspectos de la historia cultural dominicana. La obra, que fue presentada anoche en la Sala de la Cultura A\u00edda Bonelly de D\u00edaz, est\u00e1 dirigida a [&hellip;]<\/p>\n","protected":false},"author":3,"featured_media":0,"comment_status":"open","ping_status":"open","sticky":false,"template":"","format":"standard","meta":{"footnotes":""},"categories":[21],"tags":[],"class_list":["post-66382","post","type-post","status-publish","format-standard","hentry","category-cultura"],"_links":{"self":[{"href":"https:\/\/diariodominicano.com\/index.php?rest_route=\/wp\/v2\/posts\/66382","targetHints":{"allow":["GET"]}}],"collection":[{"href":"https:\/\/diariodominicano.com\/index.php?rest_route=\/wp\/v2\/posts"}],"about":[{"href":"https:\/\/diariodominicano.com\/index.php?rest_route=\/wp\/v2\/types\/post"}],"author":[{"embeddable":true,"href":"https:\/\/diariodominicano.com\/index.php?rest_route=\/wp\/v2\/users\/3"}],"replies":[{"embeddable":true,"href":"https:\/\/diariodominicano.com\/index.php?rest_route=%2Fwp%2Fv2%2Fcomments&post=66382"}],"version-history":[{"count":0,"href":"https:\/\/diariodominicano.com\/index.php?rest_route=\/wp\/v2\/posts\/66382\/revisions"}],"wp:attachment":[{"href":"https:\/\/diariodominicano.com\/index.php?rest_route=%2Fwp%2Fv2%2Fmedia&parent=66382"}],"wp:term":[{"taxonomy":"category","embeddable":true,"href":"https:\/\/diariodominicano.com\/index.php?rest_route=%2Fwp%2Fv2%2Fcategories&post=66382"},{"taxonomy":"post_tag","embeddable":true,"href":"https:\/\/diariodominicano.com\/index.php?rest_route=%2Fwp%2Fv2%2Ftags&post=66382"}],"curies":[{"name":"wp","href":"https:\/\/api.w.org\/{rel}","templated":true}]}}