{"id":66381,"date":"2012-01-27T20:44:52","date_gmt":"2012-01-27T20:44:52","guid":{"rendered":"http:\/\/diariodominicano.ddns.net\/?p=66381"},"modified":"2012-01-27T20:44:52","modified_gmt":"2012-01-27T20:44:52","slug":"el-famoso-salsero-andy-montanez-recibira-el-doctorado-por-sus-aportes-humanitarios","status":"publish","type":"post","link":"https:\/\/diariodominicano.com\/?p=66381","title":{"rendered":"El famoso salsero Andy Monta\u00f1ez recibir\u00e1 el doctorado por sus aportes humanitarios"},"content":{"rendered":"<p><body><\/p>\n<p><span class=\"text1noticias\">Miami, Florida.-  El cantante y m\u00fasico puertorrique\u00f1o Andy Monta\u00f1ez recibir\u00e1 este viernes un doctorado honoris causa en Humanidades del Florida Technical College (FTC) por sus aportes a causas humanitarias, inform\u00f3 hoy la instituci\u00f3n educativa en un comunicado.<\/span><\/p>\n<\/p>\n<p><span class=\"text1noticias\">La ceremonia se llevar\u00e1 a cabo en The Ballroom at Church Street, en Orlando, Florida, durante la graduaci\u00f3n de 250 estudiantes.<\/span><\/p>\n<\/p>\n<p><span class=\"text1noticias\">\u00abA trav\u00e9s de su carrera y logros personales, Monta\u00f1ez es un ejemplo de perseverancia y superaci\u00f3n personal\u00bb, expres\u00f3 el presidente y director ejecutivo de Florida Technical College, David Ruggieri.    \u00abPor sus innovaciones musicales, ocupa un lugar distinguido en la historia musical de Am\u00e9rica Latina; mientras que sus esfuerzos humanitarios le han hecho merecedor de un sitial muy especial en el coraz\u00f3n de su gente\u00bb, agreg\u00f3 Ruggieri<\/span>.<\/p>\n<h6> 2012-01-27 20:44:52 <\/h6>\n<p><!--\n<link rel=\"stylesheet\" href=\"css\/bootstrap.min.css\">\n\n\n<ul class=\"pagination\">\n\t    \n\t\n\n<li >\n\t<a href='?page_no=18058'>Previous<\/a>\n\t<\/li>\n\n\n       \n    \n\n<li><a href='?page_no=1'>1<\/a><\/li>\n\n\n\n<li><a href='?page_no=2'>2<\/a><\/li>\n\n\n\n<li><a>...<\/a><\/li>\n\n\n\n<li><a href='?page_no=18057'>18057<\/a><\/li>\n\n\n\n<li><a href='?page_no=18058'>18058<\/a><\/li>\n\n\n\n<li class='active'><a>18059<\/a><\/li>\n\n\n\n<li><a href='?page_no=18060'>18060<\/a><\/li>\n\n\n\n<li><a href='?page_no=18061'>18061<\/a><\/li>\n\n\n\n<li><a>...<\/a><\/li>\n\n\n\n<li><a href='?page_no=22911'>22911<\/a><\/li>\n\n\n\n<li><a href='?page_no=22912'>22912<\/a><\/li>\n\n    \n\t\n\n<li >\n\t<a href='?page_no=18060'>Next<\/a>\n\t<\/li>\n\n\n    \n\n<li><a href='?page_no=22912'>Last &rsaquo;&rsaquo;<\/a><\/li>\n\n<\/ul>\n\n\n--><br \/>\n<\/body><\/p>\n","protected":false},"excerpt":{"rendered":"<p>Miami, Florida.- El cantante y m\u00fasico puertorrique\u00f1o Andy Monta\u00f1ez recibir\u00e1 este viernes un doctorado honoris causa en Humanidades del Florida Technical College (FTC) por sus aportes a causas humanitarias, inform\u00f3 hoy la instituci\u00f3n educativa en un comunicado. La ceremonia se llevar\u00e1 a cabo en The Ballroom at Church Street, en Orlando, Florida, durante la graduaci\u00f3n [&hellip;]<\/p>\n","protected":false},"author":3,"featured_media":0,"comment_status":"open","ping_status":"open","sticky":false,"template":"","format":"standard","meta":{"footnotes":""},"categories":[21],"tags":[],"class_list":["post-66381","post","type-post","status-publish","format-standard","hentry","category-cultura"],"_links":{"self":[{"href":"https:\/\/diariodominicano.com\/index.php?rest_route=\/wp\/v2\/posts\/66381","targetHints":{"allow":["GET"]}}],"collection":[{"href":"https:\/\/diariodominicano.com\/index.php?rest_route=\/wp\/v2\/posts"}],"about":[{"href":"https:\/\/diariodominicano.com\/index.php?rest_route=\/wp\/v2\/types\/post"}],"author":[{"embeddable":true,"href":"https:\/\/diariodominicano.com\/index.php?rest_route=\/wp\/v2\/users\/3"}],"replies":[{"embeddable":true,"href":"https:\/\/diariodominicano.com\/index.php?rest_route=%2Fwp%2Fv2%2Fcomments&post=66381"}],"version-history":[{"count":0,"href":"https:\/\/diariodominicano.com\/index.php?rest_route=\/wp\/v2\/posts\/66381\/revisions"}],"wp:attachment":[{"href":"https:\/\/diariodominicano.com\/index.php?rest_route=%2Fwp%2Fv2%2Fmedia&parent=66381"}],"wp:term":[{"taxonomy":"category","embeddable":true,"href":"https:\/\/diariodominicano.com\/index.php?rest_route=%2Fwp%2Fv2%2Fcategories&post=66381"},{"taxonomy":"post_tag","embeddable":true,"href":"https:\/\/diariodominicano.com\/index.php?rest_route=%2Fwp%2Fv2%2Ftags&post=66381"}],"curies":[{"name":"wp","href":"https:\/\/api.w.org\/{rel}","templated":true}]}}