{"id":66379,"date":"2012-01-27T21:27:18","date_gmt":"2012-01-27T21:27:18","guid":{"rendered":"http:\/\/diariodominicano.ddns.net\/?p=66379"},"modified":"2012-01-27T21:27:18","modified_gmt":"2012-01-27T21:27:18","slug":"brahma-light-en-noche-de-mascaras","status":"publish","type":"post","link":"https:\/\/diariodominicano.com\/?p=66379","title":{"rendered":"&#13;Brahma Light en noche de m\u00e1scaras"},"content":{"rendered":"<p><body><\/p>\n<p><span class=\"text1noticias\">Santo Domingo RD 27 enero.- Una fiesta de disfraces, realizada en el RoofTop de la torre Novocentro, dio inicio a la temporada de carnaval auspiciada por la marca Brahma Light. <\/span><\/p>\n<\/p>\n<p><span class=\"text1noticias\">Durante el evento los invitados disfrutaron de la alegr\u00eda, el colorido y la emoci\u00f3n del tradicional desfile vegano con los diablos cojuelos y sus novedosos disfraces, dise\u00f1ados bajo el concepto de noche y d\u00eda  que trae la compa\u00f1\u00eda para el 2012, haciendo alusi\u00f3n a que en La Vega los consumidores en el d\u00eda se deleitan con las comparsas y  en la noche la fiesta se enciende con los conciertos de cierre que se llevar\u00e1n a cabo los domingos.<\/span><\/p>\n<\/p>\n<p><span class=\"text1noticias\">La maestr\u00eda de ceremonia estuvo a cargo de Deborah Karter, quien  incentiv\u00f3 a cada asistente a disfrutar de la magia y la emoci\u00f3n del carnaval vegano de este a\u00f1o 2012, en cada una de las fiestas que se realizan.<\/span><\/p>\n<\/p>\n<p><span class=\"text1noticias\">Los invitados, luciendo su disfraz, participaron en un concurso, donde se otorg\u00f3 un premio de 3,000 d\u00f3lares para el primer lugar, una Macbook Air para el segundo lugar y un iPad para el tercer puesto. La ceremonia fue presidida por Hugo D\u00edaz, director general de Ambev Dominicana; Melissa Mart\u00ednez, gerente de Publicidad y Violeta Hirujo, gerente Plataforma Joven.<\/span><\/p>\n<\/p>\n<p><span class=\"text1noticias\">Para el evento, los ejecutivos de la empresa quisieron recrear el sentido del folclore dominicano a trav\u00e9s de la confecci\u00f3n de unas camisetas carnavalescas, a cargo de j\u00f3venes dise\u00f1adores dominicanos.<\/span><\/p>\n<\/p>\n<p><span class=\"text1noticias\">Los talentos participantes en la confecci\u00f3n de la pieza fueron, Jacqueline Then, Damaris Rubio y Luis Dom\u00ednguez, quienes por separado confeccionaron un estilo sobre c\u00f3mo ver\u00edan ellos el carnaval a trav\u00e9s de una pieza de vestir, como es una c\u00f3moda y pr\u00e1ctica camiseta, que permite a la mujer disfrutar, bailar libremente durante la fiesta y a la vez estar identificada con la marca<\/span>.<\/p>\n<\/p>\n<h6> 2012-01-27 21:27:18 <\/h6>\n<p><!--\n<link rel=\"stylesheet\" href=\"css\/bootstrap.min.css\">\n\n\n<ul class=\"pagination\">\n\t    \n\t\n\n<li >\n\t<a href='?page_no=18056'>Previous<\/a>\n\t<\/li>\n\n\n       \n    \n\n<li><a href='?page_no=1'>1<\/a><\/li>\n\n\n\n<li><a href='?page_no=2'>2<\/a><\/li>\n\n\n\n<li><a>...<\/a><\/li>\n\n\n\n<li><a href='?page_no=18055'>18055<\/a><\/li>\n\n\n\n<li><a href='?page_no=18056'>18056<\/a><\/li>\n\n\n\n<li class='active'><a>18057<\/a><\/li>\n\n\n\n<li><a href='?page_no=18058'>18058<\/a><\/li>\n\n\n\n<li><a href='?page_no=18059'>18059<\/a><\/li>\n\n\n\n<li><a>...<\/a><\/li>\n\n\n\n<li><a href='?page_no=22911'>22911<\/a><\/li>\n\n\n\n<li><a href='?page_no=22912'>22912<\/a><\/li>\n\n    \n\t\n\n<li >\n\t<a href='?page_no=18058'>Next<\/a>\n\t<\/li>\n\n\n    \n\n<li><a href='?page_no=22912'>Last &rsaquo;&rsaquo;<\/a><\/li>\n\n<\/ul>\n\n\n--><br \/>\n<\/body><\/p>\n","protected":false},"excerpt":{"rendered":"<p>Santo Domingo RD 27 enero.- Una fiesta de disfraces, realizada en el RoofTop de la torre Novocentro, dio inicio a la temporada de carnaval auspiciada por la marca Brahma Light. Durante el evento los invitados disfrutaron de la alegr\u00eda, el colorido y la emoci\u00f3n del tradicional desfile vegano con los diablos cojuelos y sus novedosos [&hellip;]<\/p>\n","protected":false},"author":3,"featured_media":0,"comment_status":"open","ping_status":"open","sticky":false,"template":"","format":"standard","meta":{"footnotes":""},"categories":[21],"tags":[],"class_list":["post-66379","post","type-post","status-publish","format-standard","hentry","category-cultura"],"_links":{"self":[{"href":"https:\/\/diariodominicano.com\/index.php?rest_route=\/wp\/v2\/posts\/66379","targetHints":{"allow":["GET"]}}],"collection":[{"href":"https:\/\/diariodominicano.com\/index.php?rest_route=\/wp\/v2\/posts"}],"about":[{"href":"https:\/\/diariodominicano.com\/index.php?rest_route=\/wp\/v2\/types\/post"}],"author":[{"embeddable":true,"href":"https:\/\/diariodominicano.com\/index.php?rest_route=\/wp\/v2\/users\/3"}],"replies":[{"embeddable":true,"href":"https:\/\/diariodominicano.com\/index.php?rest_route=%2Fwp%2Fv2%2Fcomments&post=66379"}],"version-history":[{"count":0,"href":"https:\/\/diariodominicano.com\/index.php?rest_route=\/wp\/v2\/posts\/66379\/revisions"}],"wp:attachment":[{"href":"https:\/\/diariodominicano.com\/index.php?rest_route=%2Fwp%2Fv2%2Fmedia&parent=66379"}],"wp:term":[{"taxonomy":"category","embeddable":true,"href":"https:\/\/diariodominicano.com\/index.php?rest_route=%2Fwp%2Fv2%2Fcategories&post=66379"},{"taxonomy":"post_tag","embeddable":true,"href":"https:\/\/diariodominicano.com\/index.php?rest_route=%2Fwp%2Fv2%2Ftags&post=66379"}],"curies":[{"name":"wp","href":"https:\/\/api.w.org\/{rel}","templated":true}]}}