{"id":66377,"date":"2012-01-29T16:15:34","date_gmt":"2012-01-29T16:15:34","guid":{"rendered":"http:\/\/diariodominicano.ddns.net\/?p=66377"},"modified":"2012-01-29T16:15:34","modified_gmt":"2012-01-29T16:15:34","slug":"pedrito-roman-revive-las-revistas-de-la-habana","status":"publish","type":"post","link":"https:\/\/diariodominicano.com\/?p=66377","title":{"rendered":"Pedrito Rom\u00e1n revive las revistas de La Habana"},"content":{"rendered":"<p><body><\/p>\n<p><span class=\"text1noticias\">Miami, Florida 29 enero.- Con el entusiasmo de siempre y su eterno amor por la m\u00fasica cubana, Pedrito Rom\u00e1n se presentar\u00e1 el domingo en Los ritmos de mi tierra, un espect\u00e1culo musical dirigido por Ernesto de Otero que revivir\u00e1 los espect\u00e1culos cabareteros de La Habana de anta\u00f1o.<\/span><\/p>\n<p><span class=\"text1noticias\"> <\/span><\/p>\n<p><span class=\"text1noticias\">\u00abSe trata de una revista al estilo de los cabarets de La Habana de los a\u00f1os 50 con muchas plumas, lentejuelas y mujeres hermosas\u00bb, explic\u00f3 Rom\u00e1n, que compartir\u00e1 la escena del Teatro Manuel Artime con la bailarina Vidalina Armas, la vedette Magile Alvarez, los cantantes Rigo Palma y Yezi, la solista del grupo Timbalive, el Ballet de Jimmy Rodr\u00edguez y el actor Ram\u00f3n Gonz\u00e1lez Cuevas.<\/span><\/p>\n<p><span class=\"text1noticias\"> <\/span><\/p>\n<p><span class=\"text1noticias\">La funci\u00f3n incluye un cuadro dedicado a la m\u00fasica rom\u00e1ntica, otro al solar habanero y un homenaje a las deidades afrocubanas. Entre estampa y estampa, Ram\u00f3n Gonz\u00e1lez Cuevas hablar\u00e1 sobre el origen de los ritmos y cantar\u00e1 boleros de Beny Mor\u00e9.<\/span><\/p>\n<p><span class=\"text1noticias\"> <\/span><\/p>\n<p><span class=\"text1noticias\">Y como el mambo, la conga y el chachach\u00e1 tampoco no faltar\u00e1n en la selecci\u00f3n, Rigo Palma tendr\u00e1 otra oportunidad de lucirse en varios momentos del espect\u00e1culo. Entre otras intervenciones, encarnar\u00e1 a Babal\u00fa-Ay\u00e9.<\/span><\/p>\n<p><span class=\"text1noticias\"> <\/span><\/p>\n<p><span class=\"text1noticias\">Por su parte, Rom\u00e1n interpretar\u00e1 varios temas de Bajo las palmeras (ALBA Prod, 2011), el disco que estren\u00f3 en el show de fin de a\u00f1o en el cabaret del Hotel Orotava, de Tenerife.<\/span><\/p>\n<p><span class=\"text1noticias\"> <\/span><\/p>\n<p><span class=\"text1noticias\">\u00abContiene guajiras, guarachas y el danz\u00f3n Isle\u00f1a, que dediqu\u00e9 a Leonor P\u00e9rez, la madre de Jos\u00e9 Mart\u00ed\u00bb, a\u00f1adi\u00f3 el teatrista-cantautor tras destacar que, tanto \u00e9l como De Otero, siempre tratan de que en sus elencos coincidan artistas experimentados, como Gonz\u00e1lez Cuevas y Palma, con valores en ascenso.<\/span><\/p>\n<p><span class=\"text1noticias\"> <\/span><\/p>\n<p><span class=\"text1noticias\">\u00abEn Vidalina y Magile se unen la belleza y el talento. Ambas pertenecen a ese grupo de artistas que funcionan muy bien en un show de cabaret\u00bb, agreg\u00f3 De Otero, quien considera que Jezi, cuyo registro le permite cantar rumbas y pregones, \u00abes una mujer preciosa y con mucho \u00e1ngel en el escenario\u00bb.<\/span><\/p>\n<p><span class=\"text1noticias\"> <\/span><\/p>\n<p><span class=\"text1noticias\">Antes de integrar el ballet de Jimmy Rodr\u00edguez, Vidalina Armas fue primera bailarina del ballet de Tropicana. En Ritmos de mi tierra bailar\u00e1 La bella cubana y har\u00e1 pareja con Rodr\u00edguez en La malague\u00f1a.<\/span><\/p>\n<p><span class=\"text1noticias\"> <\/span><\/p>\n<p><span class=\"text1noticias\">Magile Alvarez interpretar\u00e1 a Yemay\u00e1 en el tributo a las deidades afrocubanas y cantar\u00e1 un bolero.<\/span><\/p>\n<p><span class=\"text1noticias\"> <\/span><\/p>\n<p><span class=\"text1noticias\">\u00abTiene tremenda voz.Ya la escuchar\u00e1n\u00bb, destac\u00f3 Rom\u00e1n.<\/span><\/p>\n<p><span class=\"text1noticias\"> <\/span><\/p>\n<p><span class=\"text1noticias\">Magil\u00e9 proviene del Conjunto Folkl\u00f3rico Nacional de Cuba.<\/span><\/p>\n<p><span class=\"text1noticias\"> <\/span><\/p>\n<p><span class=\"text1noticias\">En el caso de Rodr\u00edguez, antes de hacer coreograf\u00edas para la Compa\u00f1\u00eda Nacional de Danza de M\u00e9xico e impartir clases en Nueva York y Miami, en La Habana fue miembro de la compa\u00f1\u00eda de ballet cl\u00e1sico La Joven Guardia, dirigida por Laura Alonso.<\/span><\/p>\n<p><span class=\"text1noticias\"> <\/span><\/p>\n<p><span class=\"text1noticias\">Las instrumentaciones de Los ritmos de mi tierra estuvieron a cargo del maestro Danny Gonz\u00e1lez y su orquesta Armony<\/span><\/p>\n<p><span class=\"text1noticias\"> <\/span><\/p>\n<p><span class=\"text1noticias\">\u00abSi mis espect\u00e1culos gustan tanto es porque tratamos de ser originales\u00bb, dijo Rom\u00e1n. \u00abEn sus 20 a\u00f1os de creada nuestra organizaci\u00f3n ALBA siempre ha respetado al p\u00fablico complaciendo sus gustos\u00bb.<\/span><\/p>\n<p><span class=\"text1noticias\"> <\/span><\/p>\n<p><span class=\"text1noticias\">El 15 de abril ALBA entregar\u00e1 la Medalla Osvaldo Farr\u00e9s a 20 artistas cubanos del exilio al finalizar la funci\u00f3n de Recuerdos de El Bar Mel\u00f3dico de Osvaldo Farr\u00e9s, un evento dedicado al famoso compositor.<\/span>? <\/p>\n<\/p>\n<h6> 2012-01-29 16:15:34 <\/h6>\n<p><!--\n<link rel=\"stylesheet\" href=\"css\/bootstrap.min.css\">\n\n\n<ul class=\"pagination\">\n\t    \n\t\n\n<li >\n\t<a href='?page_no=18054'>Previous<\/a>\n\t<\/li>\n\n\n       \n    \n\n<li><a href='?page_no=1'>1<\/a><\/li>\n\n\n\n<li><a href='?page_no=2'>2<\/a><\/li>\n\n\n\n<li><a>...<\/a><\/li>\n\n\n\n<li><a href='?page_no=18053'>18053<\/a><\/li>\n\n\n\n<li><a href='?page_no=18054'>18054<\/a><\/li>\n\n\n\n<li class='active'><a>18055<\/a><\/li>\n\n\n\n<li><a href='?page_no=18056'>18056<\/a><\/li>\n\n\n\n<li><a href='?page_no=18057'>18057<\/a><\/li>\n\n\n\n<li><a>...<\/a><\/li>\n\n\n\n<li><a href='?page_no=22911'>22911<\/a><\/li>\n\n\n\n<li><a href='?page_no=22912'>22912<\/a><\/li>\n\n    \n\t\n\n<li >\n\t<a href='?page_no=18056'>Next<\/a>\n\t<\/li>\n\n\n    \n\n<li><a href='?page_no=22912'>Last &rsaquo;&rsaquo;<\/a><\/li>\n\n<\/ul>\n\n\n--><br \/>\n<\/body><\/p>\n","protected":false},"excerpt":{"rendered":"<p>Miami, Florida 29 enero.- Con el entusiasmo de siempre y su eterno amor por la m\u00fasica cubana, Pedrito Rom\u00e1n se presentar\u00e1 el domingo en Los ritmos de mi tierra, un espect\u00e1culo musical dirigido por Ernesto de Otero que revivir\u00e1 los espect\u00e1culos cabareteros de La Habana de anta\u00f1o. \u00abSe trata de una revista al estilo de [&hellip;]<\/p>\n","protected":false},"author":3,"featured_media":0,"comment_status":"open","ping_status":"open","sticky":false,"template":"","format":"standard","meta":{"footnotes":""},"categories":[21],"tags":[],"class_list":["post-66377","post","type-post","status-publish","format-standard","hentry","category-cultura"],"_links":{"self":[{"href":"https:\/\/diariodominicano.com\/index.php?rest_route=\/wp\/v2\/posts\/66377","targetHints":{"allow":["GET"]}}],"collection":[{"href":"https:\/\/diariodominicano.com\/index.php?rest_route=\/wp\/v2\/posts"}],"about":[{"href":"https:\/\/diariodominicano.com\/index.php?rest_route=\/wp\/v2\/types\/post"}],"author":[{"embeddable":true,"href":"https:\/\/diariodominicano.com\/index.php?rest_route=\/wp\/v2\/users\/3"}],"replies":[{"embeddable":true,"href":"https:\/\/diariodominicano.com\/index.php?rest_route=%2Fwp%2Fv2%2Fcomments&post=66377"}],"version-history":[{"count":0,"href":"https:\/\/diariodominicano.com\/index.php?rest_route=\/wp\/v2\/posts\/66377\/revisions"}],"wp:attachment":[{"href":"https:\/\/diariodominicano.com\/index.php?rest_route=%2Fwp%2Fv2%2Fmedia&parent=66377"}],"wp:term":[{"taxonomy":"category","embeddable":true,"href":"https:\/\/diariodominicano.com\/index.php?rest_route=%2Fwp%2Fv2%2Fcategories&post=66377"},{"taxonomy":"post_tag","embeddable":true,"href":"https:\/\/diariodominicano.com\/index.php?rest_route=%2Fwp%2Fv2%2Ftags&post=66377"}],"curies":[{"name":"wp","href":"https:\/\/api.w.org\/{rel}","templated":true}]}}