{"id":66376,"date":"2012-01-29T16:20:04","date_gmt":"2012-01-29T16:20:04","guid":{"rendered":"http:\/\/diariodominicano.ddns.net\/?p=66376"},"modified":"2012-01-29T16:20:04","modified_gmt":"2012-01-29T16:20:04","slug":"el-carnaval-de-santiago-prepara-el-calentamiento","status":"publish","type":"post","link":"https:\/\/diariodominicano.com\/?p=66376","title":{"rendered":"El Carnaval de Santiago prepara el calentamiento"},"content":{"rendered":"<p><body><\/p>\n<p><span class=\"text1noticias\">Santiago RD 29 enero.- Los organizadores del Carnaval trabajan a toda m\u00e1quina en los preparativos para el primer calentamiento del Carnaval de Santiago este domingo 29 alrededor del s\u00edmbolo que identifica a la ciudad.<\/span><\/p>\n<p><span class=\"text1noticias\"> <\/span><\/p>\n<p><span class=\"text1noticias\">El montaje que tiene como lema \u00abPara vivirlo hay que sentirlo\u00bb, est\u00e1 dedicado a V\u00edctor Erarte por sus grandes aportes al desarrollo del carnaval dominicano.<\/span><\/p>\n<p><span class=\"text1noticias\"> <\/span><\/p>\n<p><span class=\"text1noticias\">Como novedad, se pueden mencionar la expansi\u00f3n del \u00e1rea de celebraci\u00f3n tanto territorial, como en t\u00e9rminos del tiempo, pues los organizadores han programado, calentamientos que inician desde el mi\u00e9rcoles de cada semana hasta el concluir el domingo con presentaciones de grupos musicales del pa\u00eds, tambi\u00e9n se instalan varios lech\u00f3dromos a todo el rededor del Monumento, por la avenida Francia, la calle Daniel Espinal y Las Carreras.<\/span><\/p>\n<p><span class=\"text1noticias\"> <\/span><\/p>\n<p><span class=\"text1noticias\">Otras de las novedades es que la reina no ser\u00e1 la joven representativa de los sectores populares que se escog\u00eda luego de un concurso entre varias aspirantes, sino que ser\u00e1 la catedr\u00e1tica Petrouska Smester, una se\u00f1ora con tradici\u00f3n en la organizaci\u00f3n del carnaval.<\/span><\/p>\n<p><span class=\"text1noticias\"> <\/span><\/p>\n<p><span class=\"text1noticias\">La celebraci\u00f3n de estas carnestolendas cuenta con el soporte de Medios Unidos del Cibao (Muci) integrado por las empresas Telemedios (Canal 25) Teleuniverso Canal 29, Teleuni\u00f3n, Megavision y S\u00faper TV 55. <\/span><\/p>\n<p><span class=\"text1noticias\"> <\/span><\/p>\n<p><span class=\"text1noticias\">Como cada a\u00f1o, todos los domingos ser\u00e1n realizadas transmisiones en vivo con todas las incidencias de este encuentro del pueblo que tiene en Santiago la m\u00e1s impactante y original muestra carnavalesca.<\/span><\/p>\n<p><span class=\"text1noticias\"> <\/span><\/p>\n<p><span class=\"text1noticias\">\u00abPara esta versi\u00f3n adem\u00e1s ser\u00e1n colocadas \u00e1reas VIP para turistas, parqueos para visitantes, El Lech\u00f3dromo, mayor seguridad en todas las zonas del carnaval, entre otras facilidades\u00bb dijo De Le\u00f3n.<\/span><\/p>\n<p><span class=\"text1noticias\"> <\/span><\/p>\n<p><span class=\"text1noticias\">A diferencia de otros carnavales dominicanos el celebrado en Santiago se distingue por la participaci\u00f3n masiva de la poblaci\u00f3n que cada domingo junto a los lechones, principal personaje de este fest\u00edn comparten sus propuestas personales caracterizadas por la ingeniosidad y creatividad sin ning\u00fan tipo de inversi\u00f3n econ\u00f3mica y usando materiales diversos y muy originales.<\/span><\/p>\n<p><span class=\"text1noticias\"> <\/span><\/p>\n<p><span class=\"text1noticias\">El desfile final ser\u00e1 el domingo 27 de febrero a partir de las tres de la tarde.<\/span><\/p>\n<p><span class=\"text1noticias\"> <\/span><\/p>\n<p><span class=\"text1noticias\">El Carnaval de Santiago cuenta con el patrocinio de la Cerveceria Nacional Dominicana, el Banco de Reservas, Ministerio de Turismo entre otras importantes firmas nacionales.<\/span><\/p>\n<p><span class=\"text1noticias\"> <\/span><\/p>\n<p><span class=\"text1noticias\"> <\/span><\/p>\n<p><span class=\"text1noticias\"> <\/span><\/p>\n<p><span class=\"text1noticias\">En Bonao<\/span><\/p>\n<p><span class=\"text1noticias\"> <\/span><\/p>\n<p><span class=\"text1noticias\">Wason Brazob\u00e1n ser\u00e1 la principal atracci\u00f3n de la noche en la Gala de Eleci\u00f3n de Miss Carnaval Bonao 2012.<\/span><\/p>\n<p><span class=\"text1noticias\"> <\/span><\/p>\n<p><span class=\"text1noticias\">La selecci\u00f3n se realizar\u00e1 en el Club Falcondo de Bonao, en un espect\u00e1culo que cuenta con el patrocinio de Cerveza Presidente.<\/span><\/p>\n<p><span class=\"text1noticias\"> <\/span><\/p>\n<p><span class=\"text1noticias\">Emporio Luis Medrano produce el espect\u00e1culo en el cual ser\u00e1n presentadas las beldades que optan por la banda y la corona de estos carnavales.<\/span><\/p>\n<p><span class=\"text1noticias\"> <\/span><\/p>\n<p><span class=\"text1noticias\">El jurado lo componen Joseph C\u00e1ceres, Ram\u00f3n Almanzar y Jes\u00fas Nova, entre otros comunicadores y personalidades del arte<\/span>.<\/p>\n<h6> 2012-01-29 16:20:04 <\/h6>\n<p><!--\n<link rel=\"stylesheet\" href=\"css\/bootstrap.min.css\">\n\n\n<ul class=\"pagination\">\n\t    \n\t\n\n<li >\n\t<a href='?page_no=18053'>Previous<\/a>\n\t<\/li>\n\n\n       \n    \n\n<li><a href='?page_no=1'>1<\/a><\/li>\n\n\n\n<li><a href='?page_no=2'>2<\/a><\/li>\n\n\n\n<li><a>...<\/a><\/li>\n\n\n\n<li><a href='?page_no=18052'>18052<\/a><\/li>\n\n\n\n<li><a href='?page_no=18053'>18053<\/a><\/li>\n\n\n\n<li class='active'><a>18054<\/a><\/li>\n\n\n\n<li><a href='?page_no=18055'>18055<\/a><\/li>\n\n\n\n<li><a href='?page_no=18056'>18056<\/a><\/li>\n\n\n\n<li><a>...<\/a><\/li>\n\n\n\n<li><a href='?page_no=22911'>22911<\/a><\/li>\n\n\n\n<li><a href='?page_no=22912'>22912<\/a><\/li>\n\n    \n\t\n\n<li >\n\t<a href='?page_no=18055'>Next<\/a>\n\t<\/li>\n\n\n    \n\n<li><a href='?page_no=22912'>Last &rsaquo;&rsaquo;<\/a><\/li>\n\n<\/ul>\n\n\n--><br \/>\n<\/body><\/p>\n","protected":false},"excerpt":{"rendered":"<p>Santiago RD 29 enero.- Los organizadores del Carnaval trabajan a toda m\u00e1quina en los preparativos para el primer calentamiento del Carnaval de Santiago este domingo 29 alrededor del s\u00edmbolo que identifica a la ciudad. El montaje que tiene como lema \u00abPara vivirlo hay que sentirlo\u00bb, est\u00e1 dedicado a V\u00edctor Erarte por sus grandes aportes al [&hellip;]<\/p>\n","protected":false},"author":3,"featured_media":0,"comment_status":"open","ping_status":"open","sticky":false,"template":"","format":"standard","meta":{"footnotes":""},"categories":[21],"tags":[],"class_list":["post-66376","post","type-post","status-publish","format-standard","hentry","category-cultura"],"_links":{"self":[{"href":"https:\/\/diariodominicano.com\/index.php?rest_route=\/wp\/v2\/posts\/66376","targetHints":{"allow":["GET"]}}],"collection":[{"href":"https:\/\/diariodominicano.com\/index.php?rest_route=\/wp\/v2\/posts"}],"about":[{"href":"https:\/\/diariodominicano.com\/index.php?rest_route=\/wp\/v2\/types\/post"}],"author":[{"embeddable":true,"href":"https:\/\/diariodominicano.com\/index.php?rest_route=\/wp\/v2\/users\/3"}],"replies":[{"embeddable":true,"href":"https:\/\/diariodominicano.com\/index.php?rest_route=%2Fwp%2Fv2%2Fcomments&post=66376"}],"version-history":[{"count":0,"href":"https:\/\/diariodominicano.com\/index.php?rest_route=\/wp\/v2\/posts\/66376\/revisions"}],"wp:attachment":[{"href":"https:\/\/diariodominicano.com\/index.php?rest_route=%2Fwp%2Fv2%2Fmedia&parent=66376"}],"wp:term":[{"taxonomy":"category","embeddable":true,"href":"https:\/\/diariodominicano.com\/index.php?rest_route=%2Fwp%2Fv2%2Fcategories&post=66376"},{"taxonomy":"post_tag","embeddable":true,"href":"https:\/\/diariodominicano.com\/index.php?rest_route=%2Fwp%2Fv2%2Ftags&post=66376"}],"curies":[{"name":"wp","href":"https:\/\/api.w.org\/{rel}","templated":true}]}}