{"id":66375,"date":"2012-01-29T16:24:21","date_gmt":"2012-01-29T16:24:21","guid":{"rendered":"http:\/\/diariodominicano.ddns.net\/?p=66375"},"modified":"2012-01-29T16:24:21","modified_gmt":"2012-01-29T16:24:21","slug":"nueva-novela-de-carlos-fuentes","status":"publish","type":"post","link":"https:\/\/diariodominicano.com\/?p=66375","title":{"rendered":"Nueva novela de Carlos Fuentes"},"content":{"rendered":"<p><body><\/p>\n<p><span class=\"text1noticias\">M\u00e9xixo 29 enero.- Carlos Fuentes anunci\u00f3 en el Hay Festival de Cartagena de Indias que acab\u00f3 una novela titulada \u00abFederico en su balc\u00f3n\u00bb, que parte de la idea de Nietzsche que dijo \u00abDios ha muerto\u00bb y Dios lo manda a su balc\u00f3n<\/span>.<\/p>\n<h6> 2012-01-29 16:24:21 <\/h6>\n<p><!--\n<link rel=\"stylesheet\" href=\"css\/bootstrap.min.css\">\n\n\n<ul class=\"pagination\">\n\t    \n\t\n\n<li >\n\t<a href='?page_no=18052'>Previous<\/a>\n\t<\/li>\n\n\n       \n    \n\n<li><a href='?page_no=1'>1<\/a><\/li>\n\n\n\n<li><a href='?page_no=2'>2<\/a><\/li>\n\n\n\n<li><a>...<\/a><\/li>\n\n\n\n<li><a href='?page_no=18051'>18051<\/a><\/li>\n\n\n\n<li><a href='?page_no=18052'>18052<\/a><\/li>\n\n\n\n<li class='active'><a>18053<\/a><\/li>\n\n\n\n<li><a href='?page_no=18054'>18054<\/a><\/li>\n\n\n\n<li><a href='?page_no=18055'>18055<\/a><\/li>\n\n\n\n<li><a>...<\/a><\/li>\n\n\n\n<li><a href='?page_no=22911'>22911<\/a><\/li>\n\n\n\n<li><a href='?page_no=22912'>22912<\/a><\/li>\n\n    \n\t\n\n<li >\n\t<a href='?page_no=18054'>Next<\/a>\n\t<\/li>\n\n\n    \n\n<li><a href='?page_no=22912'>Last &rsaquo;&rsaquo;<\/a><\/li>\n\n<\/ul>\n\n\n--><br \/>\n<\/body><\/p>\n","protected":false},"excerpt":{"rendered":"<p>M\u00e9xixo 29 enero.- Carlos Fuentes anunci\u00f3 en el Hay Festival de Cartagena de Indias que acab\u00f3 una novela titulada \u00abFederico en su balc\u00f3n\u00bb, que parte de la idea de Nietzsche que dijo \u00abDios ha muerto\u00bb y Dios lo manda a su balc\u00f3n. 2012-01-29 16:24:21<\/p>\n","protected":false},"author":3,"featured_media":0,"comment_status":"open","ping_status":"open","sticky":false,"template":"","format":"standard","meta":{"footnotes":""},"categories":[21],"tags":[],"class_list":["post-66375","post","type-post","status-publish","format-standard","hentry","category-cultura"],"_links":{"self":[{"href":"https:\/\/diariodominicano.com\/index.php?rest_route=\/wp\/v2\/posts\/66375","targetHints":{"allow":["GET"]}}],"collection":[{"href":"https:\/\/diariodominicano.com\/index.php?rest_route=\/wp\/v2\/posts"}],"about":[{"href":"https:\/\/diariodominicano.com\/index.php?rest_route=\/wp\/v2\/types\/post"}],"author":[{"embeddable":true,"href":"https:\/\/diariodominicano.com\/index.php?rest_route=\/wp\/v2\/users\/3"}],"replies":[{"embeddable":true,"href":"https:\/\/diariodominicano.com\/index.php?rest_route=%2Fwp%2Fv2%2Fcomments&post=66375"}],"version-history":[{"count":0,"href":"https:\/\/diariodominicano.com\/index.php?rest_route=\/wp\/v2\/posts\/66375\/revisions"}],"wp:attachment":[{"href":"https:\/\/diariodominicano.com\/index.php?rest_route=%2Fwp%2Fv2%2Fmedia&parent=66375"}],"wp:term":[{"taxonomy":"category","embeddable":true,"href":"https:\/\/diariodominicano.com\/index.php?rest_route=%2Fwp%2Fv2%2Fcategories&post=66375"},{"taxonomy":"post_tag","embeddable":true,"href":"https:\/\/diariodominicano.com\/index.php?rest_route=%2Fwp%2Fv2%2Ftags&post=66375"}],"curies":[{"name":"wp","href":"https:\/\/api.w.org\/{rel}","templated":true}]}}