{"id":663747,"date":"2026-02-04T11:11:23","date_gmt":"2026-02-04T15:11:23","guid":{"rendered":"https:\/\/diariodominicano.com\/?p=663747"},"modified":"2026-02-04T14:33:45","modified_gmt":"2026-02-04T18:33:45","slug":"mueren-mas-de-100-personas-en-ataques-de-bandidos-en-el-centro-de-nigeria-dicen-fuentes","status":"publish","type":"post","link":"https:\/\/diariodominicano.com\/?p=663747","title":{"rendered":"Mueren m\u00e1s de 100 personas en ataques de bandidos en el centro de Nigeria, dicen fuentes"},"content":{"rendered":"\n<p>diariodominicano.com<\/p>\n\n\n\n<p>ABUYA, 4 feb (Xinhua) &#8212; M\u00e1s de 100 personas murieron la noche del martes en ataques de bandidos contra dos aldeas en el estado de Kwara, en el centro de Nigeria, informaron hoy mi\u00e9rcoles fuentes locales. Los hombres armados no identificados atacaron las comunidades de Woro y Nuku del \u00e1rea del Gobierno local de Kaiama la noche del martes y regresaron en la madrugada de hoy, causando estragos al disparar indiscriminadamente contra los residentes, al tiempo que arrasaban algunas casas, dijeron las fuentes a Xinhua. La cifra de muertos hab\u00eda subido a cerca de 67 al amanecer, pero para esta tarde se hab\u00eda elevado a m\u00e1s de 100 luego de que los atacantes realizaron una segunda incursi\u00f3n, aprovechando las malas condiciones de las carreteras, dijo a Xinhua un funcionario de la Sociedad de la Cruz Roja de Nigeria. Los sobrevivientes y cazadores locales emprendieron hoy operaciones de b\u00fasqueda y rescate antes de la llegada de las fuerzas estatales de seguridad, agreg\u00f3 el funcionario. El Gobierno del estado de Kwara conden\u00f3 hoy los asesinatos, a los que describi\u00f3 como \u00abuna respuesta desesperada de grupos terroristas por las actuales operaciones de seguridad\u00bb. El gobernador de Kwara, Abdulrahman Abdulrazaq, expres\u00f3 sus condolencias a las familias de las v\u00edctimas y garantiz\u00f3 a los residentes que las agencias de seguridad han recibido \u00f3rdenes para intensificar sus operaciones en el \u00e1rea.<\/p>\n","protected":false},"excerpt":{"rendered":"<p>diariodominicano.com ABUYA, 4 feb (Xinhua) &#8212; M\u00e1s de 100 personas murieron la noche del martes en ataques de bandidos contra dos aldeas en el estado de Kwara, en el centro de Nigeria, informaron hoy mi\u00e9rcoles fuentes locales. Los hombres armados no identificados atacaron las comunidades de Woro y Nuku del \u00e1rea del Gobierno local de [&hellip;]<\/p>\n","protected":false},"author":5,"featured_media":663748,"comment_status":"closed","ping_status":"closed","sticky":false,"template":"","format":"standard","meta":{"footnotes":""},"categories":[23,22],"tags":[1388],"class_list":["post-663747","post","type-post","status-publish","format-standard","has-post-thumbnail","hentry","category-internacional","category-politica","tag-china"],"_links":{"self":[{"href":"https:\/\/diariodominicano.com\/index.php?rest_route=\/wp\/v2\/posts\/663747","targetHints":{"allow":["GET"]}}],"collection":[{"href":"https:\/\/diariodominicano.com\/index.php?rest_route=\/wp\/v2\/posts"}],"about":[{"href":"https:\/\/diariodominicano.com\/index.php?rest_route=\/wp\/v2\/types\/post"}],"author":[{"embeddable":true,"href":"https:\/\/diariodominicano.com\/index.php?rest_route=\/wp\/v2\/users\/5"}],"replies":[{"embeddable":true,"href":"https:\/\/diariodominicano.com\/index.php?rest_route=%2Fwp%2Fv2%2Fcomments&post=663747"}],"version-history":[{"count":1,"href":"https:\/\/diariodominicano.com\/index.php?rest_route=\/wp\/v2\/posts\/663747\/revisions"}],"predecessor-version":[{"id":663749,"href":"https:\/\/diariodominicano.com\/index.php?rest_route=\/wp\/v2\/posts\/663747\/revisions\/663749"}],"wp:featuredmedia":[{"embeddable":true,"href":"https:\/\/diariodominicano.com\/index.php?rest_route=\/wp\/v2\/media\/663748"}],"wp:attachment":[{"href":"https:\/\/diariodominicano.com\/index.php?rest_route=%2Fwp%2Fv2%2Fmedia&parent=663747"}],"wp:term":[{"taxonomy":"category","embeddable":true,"href":"https:\/\/diariodominicano.com\/index.php?rest_route=%2Fwp%2Fv2%2Fcategories&post=663747"},{"taxonomy":"post_tag","embeddable":true,"href":"https:\/\/diariodominicano.com\/index.php?rest_route=%2Fwp%2Fv2%2Ftags&post=663747"}],"curies":[{"name":"wp","href":"https:\/\/api.w.org\/{rel}","templated":true}]}}