{"id":66372,"date":"2012-01-30T13:24:30","date_gmt":"2012-01-30T13:24:30","guid":{"rendered":"http:\/\/diariodominicano.ddns.net\/?p=66372"},"modified":"2012-01-30T13:24:30","modified_gmt":"2012-01-30T13:24:30","slug":"celebran-el-premio-regional-de-la-juventud","status":"publish","type":"post","link":"https:\/\/diariodominicano.com\/?p=66372","title":{"rendered":"Celebran el Premio Regional de la Juventud"},"content":{"rendered":"<p><body><\/p>\n<p><span class=\"text1noticias\">Santiago, RD 30 enero.- El Ministerio de la Juventud realiz\u00f3 la XVI versi\u00f3n del Premio Regional de la Juventud, en la cual j\u00f3venes de las 14 provincias del Cibao fueron galardonados.<\/span><\/p>\n<\/p>\n<p><span class=\"text1noticias\">La premiaci\u00f3n fue realizada en la sala de la Restauraci\u00f3n del Gran Teatro del Cibao, donde fueron seleccionados los j\u00f3venes que representar\u00e1n a la regi\u00f3n en el Premio Nacional de la Juventud, de los 240 que fueron postulados.<\/span><\/p>\n<\/p>\n<p><span class=\"text1noticias\">La actividad  fue encabezada por Franklin Rodr\u00edguez, ministro de la Juventud; Otto V\u00e1squez, viceministro, y el senador Julio C\u00e9sar Valent\u00edn.<\/span><\/p>\n<\/p>\n<p><span class=\"text1noticias\">Otto V\u00e1squez, al pronunciar las palabras de apertura, resalt\u00f3 la labor realizada por los 240 j\u00f3venes que aplicaron a la premiaci\u00f3n regional en renglones como Aportes a la Cultura de Paz, Aportes al Medio Ambiente, Liderazgo Religioso, Liderazgo Profesional, entre otros.<\/span><\/p>\n<\/p>\n<p><span class=\"text1noticias\">Adem\u00e1s, resalt\u00f3 el gran trabajo que ha venido desarrollando el gobierno del presidente Leonel Fern\u00e1ndez a favor de la juventud dominicana, al destacar que el PLD es el gobierno que m\u00e1s ha invertido en ese sector<\/span>.<\/p>\n<\/p>\n<\/p>\n<\/p>\n<\/p>\n<h6> 2012-01-30 13:24:30 <\/h6>\n<p><!--\n<link rel=\"stylesheet\" href=\"css\/bootstrap.min.css\">\n\n\n<ul class=\"pagination\">\n\t    \n\t\n\n<li >\n\t<a href='?page_no=18049'>Previous<\/a>\n\t<\/li>\n\n\n       \n    \n\n<li><a href='?page_no=1'>1<\/a><\/li>\n\n\n\n<li><a href='?page_no=2'>2<\/a><\/li>\n\n\n\n<li><a>...<\/a><\/li>\n\n\n\n<li><a href='?page_no=18048'>18048<\/a><\/li>\n\n\n\n<li><a href='?page_no=18049'>18049<\/a><\/li>\n\n\n\n<li class='active'><a>18050<\/a><\/li>\n\n\n\n<li><a href='?page_no=18051'>18051<\/a><\/li>\n\n\n\n<li><a href='?page_no=18052'>18052<\/a><\/li>\n\n\n\n<li><a>...<\/a><\/li>\n\n\n\n<li><a href='?page_no=22911'>22911<\/a><\/li>\n\n\n\n<li><a href='?page_no=22912'>22912<\/a><\/li>\n\n    \n\t\n\n<li >\n\t<a href='?page_no=18051'>Next<\/a>\n\t<\/li>\n\n\n    \n\n<li><a href='?page_no=22912'>Last &rsaquo;&rsaquo;<\/a><\/li>\n\n<\/ul>\n\n\n--><br \/>\n<\/body><\/p>\n","protected":false},"excerpt":{"rendered":"<p>Santiago, RD 30 enero.- El Ministerio de la Juventud realiz\u00f3 la XVI versi\u00f3n del Premio Regional de la Juventud, en la cual j\u00f3venes de las 14 provincias del Cibao fueron galardonados. La premiaci\u00f3n fue realizada en la sala de la Restauraci\u00f3n del Gran Teatro del Cibao, donde fueron seleccionados los j\u00f3venes que representar\u00e1n a la [&hellip;]<\/p>\n","protected":false},"author":3,"featured_media":0,"comment_status":"open","ping_status":"open","sticky":false,"template":"","format":"standard","meta":{"footnotes":""},"categories":[21],"tags":[],"class_list":["post-66372","post","type-post","status-publish","format-standard","hentry","category-cultura"],"_links":{"self":[{"href":"https:\/\/diariodominicano.com\/index.php?rest_route=\/wp\/v2\/posts\/66372","targetHints":{"allow":["GET"]}}],"collection":[{"href":"https:\/\/diariodominicano.com\/index.php?rest_route=\/wp\/v2\/posts"}],"about":[{"href":"https:\/\/diariodominicano.com\/index.php?rest_route=\/wp\/v2\/types\/post"}],"author":[{"embeddable":true,"href":"https:\/\/diariodominicano.com\/index.php?rest_route=\/wp\/v2\/users\/3"}],"replies":[{"embeddable":true,"href":"https:\/\/diariodominicano.com\/index.php?rest_route=%2Fwp%2Fv2%2Fcomments&post=66372"}],"version-history":[{"count":0,"href":"https:\/\/diariodominicano.com\/index.php?rest_route=\/wp\/v2\/posts\/66372\/revisions"}],"wp:attachment":[{"href":"https:\/\/diariodominicano.com\/index.php?rest_route=%2Fwp%2Fv2%2Fmedia&parent=66372"}],"wp:term":[{"taxonomy":"category","embeddable":true,"href":"https:\/\/diariodominicano.com\/index.php?rest_route=%2Fwp%2Fv2%2Fcategories&post=66372"},{"taxonomy":"post_tag","embeddable":true,"href":"https:\/\/diariodominicano.com\/index.php?rest_route=%2Fwp%2Fv2%2Ftags&post=66372"}],"curies":[{"name":"wp","href":"https:\/\/api.w.org\/{rel}","templated":true}]}}