{"id":66370,"date":"2012-01-30T14:26:40","date_gmt":"2012-01-30T14:26:40","guid":{"rendered":"http:\/\/diariodominicano.ddns.net\/?p=66370"},"modified":"2012-01-30T14:26:40","modified_gmt":"2012-01-30T14:26:40","slug":"27-pintores-dominicanos-exponen-colectiva-nexos-en-boricua-college","status":"publish","type":"post","link":"https:\/\/diariodominicano.com\/?p=66370","title":{"rendered":"&#13;27 pintores dominicanos exponen colectiva NEXOS en Boricua College"},"content":{"rendered":"<p><body><\/p>\n<p><span class=\"text1noticias\">Nueva York 30 enero.- 27 pintores dominicanos, la mayor\u00eda egresados de la Facultad de Artes de la Universidad Aut\u00f3noma de Santo Domingo (UASD), exponen en el colegio comunitario Boricua College, la colectiva NEXOS, muestra que incluye la participaci\u00f3n de 13 artistas criollos radicados en Estados Unidos. <\/span><\/p>\n<\/p>\n<p><span class=\"text1noticias\">La exposici\u00f3n qued\u00f3 abierta el pasado viernes en la noche durante un glamoroso acto, al que asistieron numerosas personas y estuvo encabezado por el Comisionado Dominicano de Cultura en Estados Unidos, licenciado Carlos S\u00e1nchez, el profesor asociado Jorge E. Hernandez en representaci\u00f3n de V\u00edctor Alicea presidente de Boricua College, Gregorio B. G\u00f3mez, presidente de la Asociaci\u00f3n de Profesores de la Facultad de Artes (ASPFA) de la UASD y el maestro Ismael Checo que preside el Colectivo de Artistas Visuales Dominico Americanos.<\/span><\/p>\n<p><span class=\"text1noticias\"> <\/span><\/p>\n<p><span class=\"text1noticias\">La galer\u00eda situada en el cuarto piso estar\u00e1 abierta de lunes a viernes de 10:00 de la ma\u00f1ana a 6:00 de la tarde y los s\u00e1bados deber\u00e1 ser visitado por citas.<\/span><\/p>\n<p><span class=\"text1noticias\"> <\/span><\/p>\n<p><span class=\"text1noticias\">Hern\u00e1ndez, al dar la bienvenida en nombre de la presidencia del colegio dijo que la instituci\u00f3n es propiedad de todos, especialmente de los dominicanos y puertorrique\u00f1os, entre quienes hay \u00abuna guagua a\u00e9rea\u00bb que los une de las fundaciones de los dos pa\u00edses.<\/span><\/p>\n<p><span class=\"text1noticias\"> <\/span><\/p>\n<p><span class=\"text1noticias\">\u00abBoricua se cre\u00f3 para dar servicios a nuestra gente y parte de eso es esta galer\u00eda, un s\u00edmbolo de educaci\u00f3n hacia un pueblo, un espacio donde se encuentran las mentes, las expresiones y los deseos de nuestros artistas\u00bb, a\u00f1adi\u00f3.<\/span><\/p>\n<p><span class=\"text1noticias\"> <\/span><\/p>\n<p><span class=\"text1noticias\">Explic\u00f3 que Boricua College, como colegio de artes liberales tiene las funciones de ense\u00f1ar, hacer investigaciones y unir a una comunidad.<\/span><\/p>\n<p><span class=\"text1noticias\"> <\/span><\/p>\n<p><span class=\"text1noticias\">El Comisionado de Cultura se\u00f1al\u00f3 que hace dos a\u00f1os se acerc\u00f3 al profesor G\u00f3mez de la UASD para exponerle su deseo de seguir contribuyendo a la relaci\u00f3n de los dominicanos residentes en la media isla y en los Estados Unidos. S\u00e1nchez, que fue alumno de la entonces Escuela de Artes de la UASD dijo que el nombre de NEXOS, surgi\u00f3 precisamente de la necesidad de mantener esa relaci\u00f3n y la uni\u00f3n entre los dominicanos.<\/span><\/p>\n<p><span class=\"text1noticias\"> <\/span><\/p>\n<p><span class=\"text1noticias\">\u00abEsta es la misma cultura nuestra radicada en diferentes territorios, los artistas hablan con las im\u00e1genes\u00bb, dijo el comisionado agradeciendo el gran respaldo de la comunidad a la muestra.<\/span><\/p>\n<p><span class=\"text1noticias\"> <\/span><\/p>\n<p><span class=\"text1noticias\">G\u00f3mez, habl\u00f3 en nombre del rector de la UASD Mateo Aquino Fabrill\u00e9 y la decana de la Facultad de Artes, Mar\u00eda del Pilar Domingo, diciendo que en la exposici\u00f3n hay obras de una gama de grandes maestros que tambi\u00e9n se han dedicado a ense\u00f1ar en la facultad de artes.<\/span><\/p>\n<p><span class=\"text1noticias\"> <\/span><\/p>\n<p><span class=\"text1noticias\">Checo dijo esperar que todos los asistentes estuvieran complacidos con la calidad de las muestras y agradeci\u00f3 tambi\u00e9n el apoyo de artistas, instituciones acad\u00e9micas y la comunidad.<\/span><\/p>\n<p><span class=\"text1noticias\"> <\/span><\/p>\n<p><span class=\"text1noticias\">El s\u00e1bado 28 se celebr\u00f3 un encuentro con todos los expositores de la colectiva en el restaurante 809 que tambi\u00e9n colabor\u00f3 con la organizaci\u00f3n y promoci\u00f3n del evento, ma\u00f1ana martes 31 se llevar\u00e1 a cabo la conferencia \u00abArte, Modernidad y Tradici\u00f3n en la Rep\u00fablica Dominicana\u00bb a cargo de Odal\u00eds P\u00e9rez en el Comisionado Dominicano de Cultura, el jueves 2 de febrero, se realizar\u00e1 el panel \u00abHablemos de Arte\u00bb con el tema \u00abPatrimonio Cultural de la UASD\u00bb con la conferencista Olga Espinal, el s\u00e1bado, habr\u00e1n demostraci\u00f3n de c\u00f3mo se pinta un  retrato al \u00f3leo, ilustraci\u00f3n y taller de grabado a cargo de Checo, Rom\u00e1n castillo y Leonardo Dur\u00e1n en el comisionado a partir de las 4:00 de la tarde. El viernes 17, la clausura de la exposici\u00f3n NEXOS a las 7:00 de la noche en Boricua College.<\/span><\/p>\n<p><span class=\"text1noticias\"> <\/span><\/p>\n<p><span class=\"text1noticias\">Entre las obras m\u00e1s sobresalientes de NEXOS destacan \u00abFigura Femenina\u00bb de Liubov Balanutsa, \u00abZona Colonial\u00bb de Ram\u00f3n Segura, \u00abAqu\u00ed y All\u00e1\u00bb de Johnny Jim\u00e9nez, \u00abBalerina\u00bb de Eris Estrella,  \u00abCosecha\u00bb cuadro de Maxy Israel Nelson, \u00abCultura y Tradiciones\u00bb de Francisco Mata Luna, \u00abMaternidad\u00bb un cuadro de Manuel Trabous, Dionisio de la Paz expone \u00abFantas\u00eda de los Inmigrantes\u00bb y Elionest Vidal muestra el cuadro \u00abRenunciando al Pecado\u00bb<\/span>.<\/p>\n<\/p>\n<\/p>\n<h6> 2012-01-30 14:26:40 <\/h6>\n<p><!--\n<link rel=\"stylesheet\" href=\"css\/bootstrap.min.css\">\n\n\n<ul class=\"pagination\">\n\t    \n\t\n\n<li >\n\t<a href='?page_no=18047'>Previous<\/a>\n\t<\/li>\n\n\n       \n    \n\n<li><a href='?page_no=1'>1<\/a><\/li>\n\n\n\n<li><a href='?page_no=2'>2<\/a><\/li>\n\n\n\n<li><a>...<\/a><\/li>\n\n\n\n<li><a href='?page_no=18046'>18046<\/a><\/li>\n\n\n\n<li><a href='?page_no=18047'>18047<\/a><\/li>\n\n\n\n<li class='active'><a>18048<\/a><\/li>\n\n\n\n<li><a href='?page_no=18049'>18049<\/a><\/li>\n\n\n\n<li><a href='?page_no=18050'>18050<\/a><\/li>\n\n\n\n<li><a>...<\/a><\/li>\n\n\n\n<li><a href='?page_no=22911'>22911<\/a><\/li>\n\n\n\n<li><a href='?page_no=22912'>22912<\/a><\/li>\n\n    \n\t\n\n<li >\n\t<a href='?page_no=18049'>Next<\/a>\n\t<\/li>\n\n\n    \n\n<li><a href='?page_no=22912'>Last &rsaquo;&rsaquo;<\/a><\/li>\n\n<\/ul>\n\n\n--><br \/>\n<\/body><\/p>\n","protected":false},"excerpt":{"rendered":"<p>Nueva York 30 enero.- 27 pintores dominicanos, la mayor\u00eda egresados de la Facultad de Artes de la Universidad Aut\u00f3noma de Santo Domingo (UASD), exponen en el colegio comunitario Boricua College, la colectiva NEXOS, muestra que incluye la participaci\u00f3n de 13 artistas criollos radicados en Estados Unidos. La exposici\u00f3n qued\u00f3 abierta el pasado viernes en la [&hellip;]<\/p>\n","protected":false},"author":3,"featured_media":0,"comment_status":"open","ping_status":"open","sticky":false,"template":"","format":"standard","meta":{"footnotes":""},"categories":[21],"tags":[],"class_list":["post-66370","post","type-post","status-publish","format-standard","hentry","category-cultura"],"_links":{"self":[{"href":"https:\/\/diariodominicano.com\/index.php?rest_route=\/wp\/v2\/posts\/66370","targetHints":{"allow":["GET"]}}],"collection":[{"href":"https:\/\/diariodominicano.com\/index.php?rest_route=\/wp\/v2\/posts"}],"about":[{"href":"https:\/\/diariodominicano.com\/index.php?rest_route=\/wp\/v2\/types\/post"}],"author":[{"embeddable":true,"href":"https:\/\/diariodominicano.com\/index.php?rest_route=\/wp\/v2\/users\/3"}],"replies":[{"embeddable":true,"href":"https:\/\/diariodominicano.com\/index.php?rest_route=%2Fwp%2Fv2%2Fcomments&post=66370"}],"version-history":[{"count":0,"href":"https:\/\/diariodominicano.com\/index.php?rest_route=\/wp\/v2\/posts\/66370\/revisions"}],"wp:attachment":[{"href":"https:\/\/diariodominicano.com\/index.php?rest_route=%2Fwp%2Fv2%2Fmedia&parent=66370"}],"wp:term":[{"taxonomy":"category","embeddable":true,"href":"https:\/\/diariodominicano.com\/index.php?rest_route=%2Fwp%2Fv2%2Fcategories&post=66370"},{"taxonomy":"post_tag","embeddable":true,"href":"https:\/\/diariodominicano.com\/index.php?rest_route=%2Fwp%2Fv2%2Ftags&post=66370"}],"curies":[{"name":"wp","href":"https:\/\/api.w.org\/{rel}","templated":true}]}}