{"id":66369,"date":"2012-01-30T14:59:57","date_gmt":"2012-01-30T14:59:57","guid":{"rendered":"http:\/\/diariodominicano.ddns.net\/?p=66369"},"modified":"2012-01-30T14:59:57","modified_gmt":"2012-01-30T14:59:57","slug":"invertiran-us30-millones-para-remozar-zona-colonial","status":"publish","type":"post","link":"https:\/\/diariodominicano.com\/?p=66369","title":{"rendered":"Invertir\u00e1n US$30 millones para remozar Zona Colonial"},"content":{"rendered":"<p><body><\/p>\n<p><span class=\"text1noticias\">Santo Domingo, RD 30 enero.- Con una inversi\u00f3n de US$30 millones y con los auspicios del Banco Interamericano  de Desarrollo (BID), ser\u00e1n iniciados dentro de cuatro meses  los trabajos de remozamiento y reconstrucci\u00f3n de los monumentos hist\u00f3ricos de la Ciudad Colonial.<\/span><\/p>\n<p><span class=\"text1noticias\"> <\/span><\/p>\n<p><span class=\"text1noticias\">Ha sido creada una comisi\u00f3n presidida por el ministro de Turismo, Francisco Javier Garc\u00eda, para   poner en marcha las licitaciones y todo el proceso de concurso para  contratar a las empresas ejecutoras.<\/span><\/p>\n<p><span class=\"text1noticias\"> <\/span><\/p>\n<p><span class=\"text1noticias\">La compa\u00f1\u00eda Epysa, que realiz\u00f3 el estudio de factibilidad para avalar el pr\u00e9stamo del BID, continuar\u00e1 trabajando en la asesor\u00eda del proyecto,    inform\u00f3 su director ejecutivo,  Jorge Daries.<\/span><\/p>\n<p><span class=\"text1noticias\"> <\/span><\/p>\n<p><span class=\"text1noticias\">El pr\u00e9stamo para los trabajos est\u00e1 aprobado desde octubre \u00faltimo y s\u00f3lo est\u00e1 pendiente de ratificaci\u00f3n por el Gobierno   dominicano.<\/span><\/p>\n<p><span class=\"text1noticias\"> <\/span><\/p>\n<p><span class=\"text1noticias\">Los trabajos en las zona contemplan el soterramiento de los cables de electricidad, el  aprovechamiento de Las  Ruinas de San Francisco para  convertirlas en un Centro Cultural y de  Eventos, la rehabilidaci\u00f3n de otros monumentos y el otorgamiento de facilidades a micro y peque\u00f1os empresarios para que sus negocios se tornen competitivos.<\/span><\/p>\n<p><span class=\"text1noticias\"> <\/span><\/p>\n<p><span class=\"text1noticias\">La idea es que  haya una  Ciudad Colonial m\u00e1s atractiva, de la que  todos se beneficien, dijo Daries.<\/span><\/p>\n<p><span class=\"text1noticias\"> <\/span><\/p>\n<p><span class=\"text1noticias\">\u00abLa recuperaci\u00f3n f\u00edsica y restauraci\u00f3n de ese patrimonio cultural se har\u00e1 con una visi\u00f3n integral para asegurar que el crecimiento sea tambi\u00e9n de forma ordenada y sostenible\u00bb, indic\u00f3.  <\/span><\/p>\n<p><span class=\"text1noticias\"> <\/span><\/p>\n<p><span class=\"text1noticias\">Daries inform\u00f3 que el plan tiene  contemplado concluir todos  los trabajos en cuatro a\u00f1os<\/span>.<\/p>\n<\/p>\n<\/p>\n<h6> 2012-01-30 14:59:57 <\/h6>\n<p><!--\n<link rel=\"stylesheet\" href=\"css\/bootstrap.min.css\">\n\n\n<ul class=\"pagination\">\n\t    \n\t\n\n<li >\n\t<a href='?page_no=18046'>Previous<\/a>\n\t<\/li>\n\n\n       \n    \n\n<li><a href='?page_no=1'>1<\/a><\/li>\n\n\n\n<li><a href='?page_no=2'>2<\/a><\/li>\n\n\n\n<li><a>...<\/a><\/li>\n\n\n\n<li><a href='?page_no=18045'>18045<\/a><\/li>\n\n\n\n<li><a href='?page_no=18046'>18046<\/a><\/li>\n\n\n\n<li class='active'><a>18047<\/a><\/li>\n\n\n\n<li><a href='?page_no=18048'>18048<\/a><\/li>\n\n\n\n<li><a href='?page_no=18049'>18049<\/a><\/li>\n\n\n\n<li><a>...<\/a><\/li>\n\n\n\n<li><a href='?page_no=22911'>22911<\/a><\/li>\n\n\n\n<li><a href='?page_no=22912'>22912<\/a><\/li>\n\n    \n\t\n\n<li >\n\t<a href='?page_no=18048'>Next<\/a>\n\t<\/li>\n\n\n    \n\n<li><a href='?page_no=22912'>Last &rsaquo;&rsaquo;<\/a><\/li>\n\n<\/ul>\n\n\n--><br \/>\n<\/body><\/p>\n","protected":false},"excerpt":{"rendered":"<p>Santo Domingo, RD 30 enero.- Con una inversi\u00f3n de US$30 millones y con los auspicios del Banco Interamericano de Desarrollo (BID), ser\u00e1n iniciados dentro de cuatro meses los trabajos de remozamiento y reconstrucci\u00f3n de los monumentos hist\u00f3ricos de la Ciudad Colonial. Ha sido creada una comisi\u00f3n presidida por el ministro de Turismo, Francisco Javier Garc\u00eda, [&hellip;]<\/p>\n","protected":false},"author":3,"featured_media":0,"comment_status":"open","ping_status":"open","sticky":false,"template":"","format":"standard","meta":{"footnotes":""},"categories":[21],"tags":[],"class_list":["post-66369","post","type-post","status-publish","format-standard","hentry","category-cultura"],"_links":{"self":[{"href":"https:\/\/diariodominicano.com\/index.php?rest_route=\/wp\/v2\/posts\/66369","targetHints":{"allow":["GET"]}}],"collection":[{"href":"https:\/\/diariodominicano.com\/index.php?rest_route=\/wp\/v2\/posts"}],"about":[{"href":"https:\/\/diariodominicano.com\/index.php?rest_route=\/wp\/v2\/types\/post"}],"author":[{"embeddable":true,"href":"https:\/\/diariodominicano.com\/index.php?rest_route=\/wp\/v2\/users\/3"}],"replies":[{"embeddable":true,"href":"https:\/\/diariodominicano.com\/index.php?rest_route=%2Fwp%2Fv2%2Fcomments&post=66369"}],"version-history":[{"count":0,"href":"https:\/\/diariodominicano.com\/index.php?rest_route=\/wp\/v2\/posts\/66369\/revisions"}],"wp:attachment":[{"href":"https:\/\/diariodominicano.com\/index.php?rest_route=%2Fwp%2Fv2%2Fmedia&parent=66369"}],"wp:term":[{"taxonomy":"category","embeddable":true,"href":"https:\/\/diariodominicano.com\/index.php?rest_route=%2Fwp%2Fv2%2Fcategories&post=66369"},{"taxonomy":"post_tag","embeddable":true,"href":"https:\/\/diariodominicano.com\/index.php?rest_route=%2Fwp%2Fv2%2Ftags&post=66369"}],"curies":[{"name":"wp","href":"https:\/\/api.w.org\/{rel}","templated":true}]}}