{"id":66368,"date":"2012-01-30T15:04:30","date_gmt":"2012-01-30T15:04:30","guid":{"rendered":"http:\/\/diariodominicano.ddns.net\/?p=66368"},"modified":"2012-01-30T15:04:30","modified_gmt":"2012-01-30T15:04:30","slug":"el-banco-de-reservas-pone-a-circular-libro","status":"publish","type":"post","link":"https:\/\/diariodominicano.com\/?p=66368","title":{"rendered":"El Banco de Reservas pone a circular libro"},"content":{"rendered":"<p><body><\/p>\n<p><span class=\"text1noticias\">Santo Domingo, RD 30 enero.- El Banco de Reservas public\u00f3 el libro \u00ab500 a\u00f1os de lucha por la justicia: los Dominicos y la UASD\u00bb.<\/span><\/p>\n<p><span class=\"text1noticias\"> <\/span><\/p>\n<p><span class=\"text1noticias\">Incluye las ponencias del Congreso Internacional 500 a\u00f1os de lucha por la justicia, celebrado del 14 al 16 de octubre del a\u00f1o 2010, con los auspicios de la Universidad Aut\u00f3noma de Santo Domingo y el Consejo del Centro de Teolog\u00eda Santo Domingo de Guzm\u00e1n.<\/span><\/p>\n<p><span class=\"text1noticias\"> <\/span><\/p>\n<p><span class=\"text1noticias\">En el encuentro acad\u00e9mico, con el lema Juntando el derecho con el hecho, reconocidos intelectuales de Am\u00e9rica Latina y Europa participaron junto a los dominicanos.<\/span><\/p>\n<p><span class=\"text1noticias\"> <\/span><\/p>\n<p><span class=\"text1noticias\">Valoraron en su amplio alcance la proeza de los dominicos en su denodada lucha contra los abusos del poder y abordaron temas relacionados con los derechos humanos y la justicia.<\/span><\/p>\n<p><span class=\"text1noticias\"> <\/span><\/p>\n<p><span class=\"text1noticias\">El administrador general de Banreservas, Vicente Bengoa Albizu, resalt\u00f3 que debido a la importancia de los puntos de vistas presentados esa instituci\u00f3n financiera se une a la UASD y a la Orden de los Dominicos, en la primera publicaci\u00f3n del acuerdo bibliogr\u00e1fico interinstitucional establecido con la casa de altos estudios.<\/span><\/p>\n<p><span class=\"text1noticias\"> <\/span><\/p>\n<p><span class=\"text1noticias\">Record\u00f3 que los frailes dominicos Pedro de C\u00f3rdoba, Ant\u00f3n de Montesino y Bartolom\u00e9 de las Casas, constituyen un tr\u00edo ejemplar de hombres fervorosos y combativos, que no cesaron en su permanente lucha contra la opresi\u00f3n de los abor\u00edgenes, los maltratos a los que eran sometidos y la negaci\u00f3n de sus m\u00e1s elementales derechos como seres humanos.<\/span><\/p>\n<p><span class=\"text1noticias\"> <\/span><\/p>\n<p><span class=\"text1noticias\">Mientras, el rector de la UASD, Mateo Aquino Febrillet, al explicar el contenido del libro subray\u00f3 que la deuda de esa instituci\u00f3n acad\u00e9mica con los dominicos se inici\u00f3 en el siglo XVI, cuando la orden hizo posible la creaci\u00f3n de la primera universidad en Am\u00e9rica. <\/span><\/p>\n<p><span class=\"text1noticias\"> <\/span><\/p>\n<p><span class=\"text1noticias\">Adem\u00e1s, de la publicaci\u00f3n de la obra en Santo Domingo, la UASD y el Vicariato de la Orden de los Predicadores anunciaron la c\u00e1tedra extracurricular \u00abFray Antonio de Montesino: Sociedad y Justicia\u00bb, para conmemorar los 500 a\u00f1os del Serm\u00f3n de Adviento pronunciado el 21 de diciembre de 1511<\/span>.<\/p>\n<\/p>\n<h6> 2012-01-30 15:04:30 <\/h6>\n<p><!--\n<link rel=\"stylesheet\" href=\"css\/bootstrap.min.css\">\n\n\n<ul class=\"pagination\">\n\t    \n\t\n\n<li >\n\t<a href='?page_no=18045'>Previous<\/a>\n\t<\/li>\n\n\n       \n    \n\n<li><a href='?page_no=1'>1<\/a><\/li>\n\n\n\n<li><a href='?page_no=2'>2<\/a><\/li>\n\n\n\n<li><a>...<\/a><\/li>\n\n\n\n<li><a href='?page_no=18044'>18044<\/a><\/li>\n\n\n\n<li><a href='?page_no=18045'>18045<\/a><\/li>\n\n\n\n<li class='active'><a>18046<\/a><\/li>\n\n\n\n<li><a href='?page_no=18047'>18047<\/a><\/li>\n\n\n\n<li><a href='?page_no=18048'>18048<\/a><\/li>\n\n\n\n<li><a>...<\/a><\/li>\n\n\n\n<li><a href='?page_no=22911'>22911<\/a><\/li>\n\n\n\n<li><a href='?page_no=22912'>22912<\/a><\/li>\n\n    \n\t\n\n<li >\n\t<a href='?page_no=18047'>Next<\/a>\n\t<\/li>\n\n\n    \n\n<li><a href='?page_no=22912'>Last &rsaquo;&rsaquo;<\/a><\/li>\n\n<\/ul>\n\n\n--><br \/>\n<\/body><\/p>\n","protected":false},"excerpt":{"rendered":"<p>Santo Domingo, RD 30 enero.- El Banco de Reservas public\u00f3 el libro \u00ab500 a\u00f1os de lucha por la justicia: los Dominicos y la UASD\u00bb. Incluye las ponencias del Congreso Internacional 500 a\u00f1os de lucha por la justicia, celebrado del 14 al 16 de octubre del a\u00f1o 2010, con los auspicios de la Universidad Aut\u00f3noma de [&hellip;]<\/p>\n","protected":false},"author":3,"featured_media":0,"comment_status":"open","ping_status":"open","sticky":false,"template":"","format":"standard","meta":{"footnotes":""},"categories":[21],"tags":[],"class_list":["post-66368","post","type-post","status-publish","format-standard","hentry","category-cultura"],"_links":{"self":[{"href":"https:\/\/diariodominicano.com\/index.php?rest_route=\/wp\/v2\/posts\/66368","targetHints":{"allow":["GET"]}}],"collection":[{"href":"https:\/\/diariodominicano.com\/index.php?rest_route=\/wp\/v2\/posts"}],"about":[{"href":"https:\/\/diariodominicano.com\/index.php?rest_route=\/wp\/v2\/types\/post"}],"author":[{"embeddable":true,"href":"https:\/\/diariodominicano.com\/index.php?rest_route=\/wp\/v2\/users\/3"}],"replies":[{"embeddable":true,"href":"https:\/\/diariodominicano.com\/index.php?rest_route=%2Fwp%2Fv2%2Fcomments&post=66368"}],"version-history":[{"count":0,"href":"https:\/\/diariodominicano.com\/index.php?rest_route=\/wp\/v2\/posts\/66368\/revisions"}],"wp:attachment":[{"href":"https:\/\/diariodominicano.com\/index.php?rest_route=%2Fwp%2Fv2%2Fmedia&parent=66368"}],"wp:term":[{"taxonomy":"category","embeddable":true,"href":"https:\/\/diariodominicano.com\/index.php?rest_route=%2Fwp%2Fv2%2Fcategories&post=66368"},{"taxonomy":"post_tag","embeddable":true,"href":"https:\/\/diariodominicano.com\/index.php?rest_route=%2Fwp%2Fv2%2Ftags&post=66368"}],"curies":[{"name":"wp","href":"https:\/\/api.w.org\/{rel}","templated":true}]}}