{"id":663678,"date":"2026-02-04T01:56:54","date_gmt":"2026-02-04T05:56:54","guid":{"rendered":"https:\/\/diariodominicano.com\/?p=663678"},"modified":"2026-02-04T01:56:59","modified_gmt":"2026-02-04T05:56:59","slug":"rusia-detalla-condiciones-para-estrategias-nucleares-con-eeuu","status":"publish","type":"post","link":"https:\/\/diariodominicano.com\/?p=663678","title":{"rendered":"Rusia detalla condiciones para estrategias nucleares con EEUU"},"content":{"rendered":"\n<figure class=\"wp-block-image\"><img decoding=\"async\" src=\"https:\/\/www.prensa-latina.cu\/wp-content\/uploads\/2026\/02\/Peskov-1.jpg\" alt=\"\" class=\"wp-image-1702484\"\/><\/figure>\n\n\n\n<p>Mosc\u00fa, 3 feb (Prensa Latina) El portavoz presidencial ruso, Dmitri Peskov, detall\u00f3 hoy que su pa\u00eds no puede inhibirse de analizar con Estados Unidos las implicaciones del potencial nuclear de sus aliados en Europa para el futuro sistema de estabilidad estrat\u00e9gica.<\/p>\n\n\n\n<ul class=\"wp-block-list\">\n<li><a href=\"https:\/\/www.prensa-latina.cu\/2026\/02\/03\/\"><time>febrero 3, 2026 | 10:31<\/time><\/a><\/li>\n<\/ul>\n\n\n\n<ul class=\"wp-block-list\">\n<li><a href=\"https:\/\/www.prensa-latina.cu\/2026\/02\/03\/rusia-detalla-condiciones-para-estrategias-nucleares-con-eeuu\/#\"><\/a><\/li>\n\n\n\n<li><a href=\"https:\/\/www.prensa-latina.cu\/2026\/02\/03\/rusia-detalla-condiciones-para-estrategias-nucleares-con-eeuu\/#\"><\/a><\/li>\n\n\n\n<li><a href=\"https:\/\/www.prensa-latina.cu\/2026\/02\/03\/rusia-detalla-condiciones-para-estrategias-nucleares-con-eeuu\/#\"><\/a><\/li>\n\n\n\n<li><a href=\"https:\/\/www.prensa-latina.cu\/2026\/02\/03\/rusia-detalla-condiciones-para-estrategias-nucleares-con-eeuu\/#\"><\/a><\/li>\n<\/ul>\n\n\n\n<p>\u00abPara nosotros es importante que, al debatir sobre el futuro sistema de estabilidad estrat\u00e9gica, no podamos abstraernos del potencial nuclear de los aliados de Estados Unidos en Europa, concretamente, el Reino Unido y Francia\u201d, afirm\u00f3 el vocero del Kremlin en declaraciones a la prensa.<\/p>\n\n\n\n<p>En ese sentido, Peskov dej\u00f3 claro que, sin estas condiciones, \u201cno ser\u00e1n posibles futuras discusiones\u00bb, mientras record\u00f3 que el presidente del gigante euroasi\u00e1tico, Vladimir Putin, ha hecho referencia a esta situaci\u00f3n \u00aben repetidas ocasiones\u00bb.<\/p>\n\n\n\n<p>Las declaraciones del jefe de prensa de la Presidencia rusa llegan justo dos d\u00edas antes de la expiraci\u00f3n del Tratado de Reducci\u00f3n de Armas Estrat\u00e9gicas, tambi\u00e9n conocido como Start III o Nuevo Start, el cual llega a su fin el pr\u00f3ximo jueves 5 de febrero.<\/p>\n\n\n\n<p>El documento tuvo su r\u00fabrica el 8 de abril de 2010 por los entonces presidentes de Rusia, Dmitri Medv\u00e9dev, y de Estados Unidos, Barack Obama, asimismo, se prorrog\u00f3 sin condiciones previas por cinco a\u00f1os en febrero de 2021.<\/p>\n\n\n\n<p>En virtud del acuerdo, las partes se compromet\u00edan a reducir sus fuerzas nucleares activas a 700 portadores, mil 550 ojivas nucleares y 800 lanzadores.<\/p>\n\n\n\n<p>Mosc\u00fa suspendi\u00f3 en febrero de 2023 su participaci\u00f3n en el pacto, debido a que Washington \u00abdestruy\u00f3 la base legal en materia de control de armas y seguridad\u00bb al poner a actuar la infraestructura militar de la Alianza Atl\u00e1ntica en contra de Rusia.<\/p>\n\n\n\n<p>No obstante, las autoridades de la naci\u00f3n eslava siempre han declarado la intenci\u00f3n de cumplir con las restricciones previstas dentro del plazo de vigencia del acuerdo.<\/p>\n\n\n\n<p>En septiembre del pasado a\u00f1o, el jefe de Estado ruso afirm\u00f3 que Mosc\u00fa est\u00e1 dispuesta a seguir adhiri\u00e9ndose al tratado durante un a\u00f1o m\u00e1s tras su expiraci\u00f3n, si Washington adopta una medida similar.<\/p>\n\n\n\n<p>Al comentar la iniciativa de Rusia, el mandatario estadounidense, Donald Trump, la calific\u00f3 inicialmente de \u00abbuena idea\u00bb. Sin embargo, hasta el momento no ha mostrado preocupaci\u00f3n por el posible fin del Tratado.<\/p>\n\n\n\n<p>jha\/odf<\/p>\n\n\n\n<ul class=\"wp-block-list\">\n<li>#<a href=\"https:\/\/www.prensa-latina.cu\/etiqueta\/eeuu\/\">eeuu<\/a>\u00a0#<a href=\"https:\/\/www.prensa-latina.cu\/etiqueta\/rusia\/\">Rusia<\/a>\u00a0#<a href=\"https:\/\/www.prensa-latina.cu\/etiqueta\/tratado-nuclear\/\">tratado nuclear<\/a><\/li>\n<\/ul>\n","protected":false},"excerpt":{"rendered":"<p>Mosc\u00fa, 3 feb (Prensa Latina) El portavoz presidencial ruso, Dmitri Peskov, detall\u00f3 hoy que su pa\u00eds no puede inhibirse de analizar con Estados Unidos las implicaciones del potencial nuclear de sus aliados en Europa para el futuro sistema de estabilidad estrat\u00e9gica. \u00abPara nosotros es importante que, al debatir sobre el futuro sistema de estabilidad estrat\u00e9gica, [&hellip;]<\/p>\n","protected":false},"author":28,"featured_media":0,"comment_status":"open","ping_status":"closed","sticky":false,"template":"","format":"standard","meta":{"footnotes":""},"categories":[23],"tags":[3560],"class_list":["post-663678","post","type-post","status-publish","format-standard","hentry","category-internacional","tag-rusia"],"_links":{"self":[{"href":"https:\/\/diariodominicano.com\/index.php?rest_route=\/wp\/v2\/posts\/663678","targetHints":{"allow":["GET"]}}],"collection":[{"href":"https:\/\/diariodominicano.com\/index.php?rest_route=\/wp\/v2\/posts"}],"about":[{"href":"https:\/\/diariodominicano.com\/index.php?rest_route=\/wp\/v2\/types\/post"}],"author":[{"embeddable":true,"href":"https:\/\/diariodominicano.com\/index.php?rest_route=\/wp\/v2\/users\/28"}],"replies":[{"embeddable":true,"href":"https:\/\/diariodominicano.com\/index.php?rest_route=%2Fwp%2Fv2%2Fcomments&post=663678"}],"version-history":[{"count":1,"href":"https:\/\/diariodominicano.com\/index.php?rest_route=\/wp\/v2\/posts\/663678\/revisions"}],"predecessor-version":[{"id":663679,"href":"https:\/\/diariodominicano.com\/index.php?rest_route=\/wp\/v2\/posts\/663678\/revisions\/663679"}],"wp:attachment":[{"href":"https:\/\/diariodominicano.com\/index.php?rest_route=%2Fwp%2Fv2%2Fmedia&parent=663678"}],"wp:term":[{"taxonomy":"category","embeddable":true,"href":"https:\/\/diariodominicano.com\/index.php?rest_route=%2Fwp%2Fv2%2Fcategories&post=663678"},{"taxonomy":"post_tag","embeddable":true,"href":"https:\/\/diariodominicano.com\/index.php?rest_route=%2Fwp%2Fv2%2Ftags&post=663678"}],"curies":[{"name":"wp","href":"https:\/\/api.w.org\/{rel}","templated":true}]}}