{"id":66366,"date":"2012-01-31T12:55:09","date_gmt":"2012-01-31T12:55:09","guid":{"rendered":"http:\/\/diariodominicano.ddns.net\/?p=66366"},"modified":"2012-01-31T12:55:09","modified_gmt":"2012-01-31T12:55:09","slug":"entregan-hoy-el-premio-nacional-de-la-juventud","status":"publish","type":"post","link":"https:\/\/diariodominicano.com\/?p=66366","title":{"rendered":"Entregan hoy el Premio Nacional de la Juventud"},"content":{"rendered":"<p><body><\/p>\n<p><span class=\"text1noticias\">Santo Domingo RD 31 enero.- El ministro de la Juventud, Franklin Rodr\u00edguez, anunci\u00f3 ayer que todo estaba listo para la celebraci\u00f3n esta noche de la versi\u00f3n n\u00famero 16 del Premio Nacional de la Juventud, y que en esta edici\u00f3n estar\u00e1 dedicada a la no violencia contra la mujer.<\/span><\/p>\n<p><span class=\"text1noticias\"> <\/span><\/p>\n<p><span class=\"text1noticias\">Se trata de una premiaci\u00f3n que contar\u00e1 con la presencia de destacadas figuras del arte nacional e internacional, y que premiar\u00e1 en 16 categor\u00edas a igual cantidad de j\u00f3venes.<\/span><\/p>\n<p><span class=\"text1noticias\"> <\/span><\/p>\n<p><span class=\"text1noticias\">Unos 80 nominados competir\u00e1n por los galardones, cinco en cada rengl\u00f3n. Cada uno de los beneficiarios recibir\u00e1 siete premios.<\/span><\/p>\n<p><span class=\"text1noticias\"> <\/span><\/p>\n<p><span class=\"text1noticias\">Rodr\u00edguez explic\u00f3 ayer que los ganadores recibir\u00e1n una laptop, un anillo de oro, RD$100,000, un curso de Desarrollo Nacional en Taiw\u00e1n, una estatuilla, un certificado y una beca universitaria.<\/span><\/p>\n<p><span class=\"text1noticias\"> <\/span><\/p>\n<p><span class=\"text1noticias\">La inversi\u00f3n de la instituci\u00f3n en la preparaci\u00f3n de los galardones asciende a 17 millones de pesos.<\/span><\/p>\n<p><span class=\"text1noticias\"> <\/span><\/p>\n<p><span class=\"text1noticias\">En la premiaci\u00f3n, que ser\u00e1 realizada en el Teatro Nacional, ser\u00e1n entregados reconocimientos especiales a Nicol\u00e1s de Jes\u00fas Cardenal L\u00f3pez Rodr\u00edguez, por la celebraci\u00f3n de sus 50 a\u00f1os de ordenaci\u00f3n sacerdotal, tambi\u00e9n al beisbolista Pedro Mart\u00ednez, y a los j\u00f3venes dominicanos que rompieron el r\u00e9cord mundial de lectura continua en voz alta.<\/span><\/p>\n<p><span class=\"text1noticias\"> <\/span><\/p>\n<p><span class=\"text1noticias\">La producci\u00f3n de la premiaci\u00f3n contar\u00e1 con un segmento especial de m\u00fasica cristiana y una representaci\u00f3n art\u00edstica de los 22 Estados que conforman la Organizaci\u00f3n Iberoamericana de la Juventud (OIJ), que en la actualidad es presidida por la Rep\u00fablica Dominicana.<\/span><\/p>\n<p><span class=\"text1noticias\"> <\/span><\/p>\n<p><span class=\"text1noticias\">Esta edici\u00f3n de los premios contar\u00e1 con la conducci\u00f3n de los j\u00f3venes Iamdra Ferm\u00edn, presentadora y productora de televisi\u00f3n local, y el afamado actor dominicano radicado en el extranjero Jos\u00e9 Guillermo Cortines (Memo).<\/span><\/p>\n<p><span class=\"text1noticias\"> <\/span><\/p>\n<p><span class=\"text1noticias\">Para el evento ha confirmado su presencia el d\u00fao boricua de reggaet\u00f3n Jowell &amp; Randy, y el tambi\u00e9n d\u00fao musical Tercer Cielo, compuesto por el dominicano Juan Carlos Rodr\u00edguez y Evelyn Herrera, nacida en Phoenix Arizona y de ascendencia mexicana. Tambi\u00e9n participar\u00e1n Kat de Luna, Milly Quezada, Maridalia Hern\u00e1ndez, Sonia Silvestre, Secreto, El Poeta, Los Pepes, Joe Veras, Sensato del Patio, Nipo, Mozart la para, Frank Reyes, Joel Santos, Luis Miguel del Amargue y Martha Heredia.<\/span><\/p>\n<p><span class=\"text1noticias\"> <\/span><\/p>\n<p><span class=\"text1noticias\">El premio se celebra en las festividades de Juan Melchor Bosco Occhiena, m\u00e1s conocido como Don Bosco, quien fue un sacerdote, educador y escritor italiano nacido el 16 de agosto de 1815.<\/span><\/p>\n<p><span class=\"text1noticias\"> <\/span><\/p>\n<p><span class=\"text1noticias\">Don Dosco se caracteriz\u00f3 por una especial preocupaci\u00f3n hacia los j\u00f3venes<\/span>.<\/p>\n<\/p>\n<h6> 2012-01-31 12:55:09 <\/h6>\n<p><!--\n<link rel=\"stylesheet\" href=\"css\/bootstrap.min.css\">\n\n\n<ul class=\"pagination\">\n\t    \n\t\n\n<li >\n\t<a href='?page_no=18043'>Previous<\/a>\n\t<\/li>\n\n\n       \n    \n\n<li><a href='?page_no=1'>1<\/a><\/li>\n\n\n\n<li><a href='?page_no=2'>2<\/a><\/li>\n\n\n\n<li><a>...<\/a><\/li>\n\n\n\n<li><a href='?page_no=18042'>18042<\/a><\/li>\n\n\n\n<li><a href='?page_no=18043'>18043<\/a><\/li>\n\n\n\n<li class='active'><a>18044<\/a><\/li>\n\n\n\n<li><a href='?page_no=18045'>18045<\/a><\/li>\n\n\n\n<li><a href='?page_no=18046'>18046<\/a><\/li>\n\n\n\n<li><a>...<\/a><\/li>\n\n\n\n<li><a href='?page_no=22911'>22911<\/a><\/li>\n\n\n\n<li><a href='?page_no=22912'>22912<\/a><\/li>\n\n    \n\t\n\n<li >\n\t<a href='?page_no=18045'>Next<\/a>\n\t<\/li>\n\n\n    \n\n<li><a href='?page_no=22912'>Last &rsaquo;&rsaquo;<\/a><\/li>\n\n<\/ul>\n\n\n--><br \/>\n<\/body><\/p>\n","protected":false},"excerpt":{"rendered":"<p>Santo Domingo RD 31 enero.- El ministro de la Juventud, Franklin Rodr\u00edguez, anunci\u00f3 ayer que todo estaba listo para la celebraci\u00f3n esta noche de la versi\u00f3n n\u00famero 16 del Premio Nacional de la Juventud, y que en esta edici\u00f3n estar\u00e1 dedicada a la no violencia contra la mujer. Se trata de una premiaci\u00f3n que contar\u00e1 [&hellip;]<\/p>\n","protected":false},"author":3,"featured_media":0,"comment_status":"open","ping_status":"open","sticky":false,"template":"","format":"standard","meta":{"footnotes":""},"categories":[21],"tags":[],"class_list":["post-66366","post","type-post","status-publish","format-standard","hentry","category-cultura"],"_links":{"self":[{"href":"https:\/\/diariodominicano.com\/index.php?rest_route=\/wp\/v2\/posts\/66366","targetHints":{"allow":["GET"]}}],"collection":[{"href":"https:\/\/diariodominicano.com\/index.php?rest_route=\/wp\/v2\/posts"}],"about":[{"href":"https:\/\/diariodominicano.com\/index.php?rest_route=\/wp\/v2\/types\/post"}],"author":[{"embeddable":true,"href":"https:\/\/diariodominicano.com\/index.php?rest_route=\/wp\/v2\/users\/3"}],"replies":[{"embeddable":true,"href":"https:\/\/diariodominicano.com\/index.php?rest_route=%2Fwp%2Fv2%2Fcomments&post=66366"}],"version-history":[{"count":0,"href":"https:\/\/diariodominicano.com\/index.php?rest_route=\/wp\/v2\/posts\/66366\/revisions"}],"wp:attachment":[{"href":"https:\/\/diariodominicano.com\/index.php?rest_route=%2Fwp%2Fv2%2Fmedia&parent=66366"}],"wp:term":[{"taxonomy":"category","embeddable":true,"href":"https:\/\/diariodominicano.com\/index.php?rest_route=%2Fwp%2Fv2%2Fcategories&post=66366"},{"taxonomy":"post_tag","embeddable":true,"href":"https:\/\/diariodominicano.com\/index.php?rest_route=%2Fwp%2Fv2%2Ftags&post=66366"}],"curies":[{"name":"wp","href":"https:\/\/api.w.org\/{rel}","templated":true}]}}