{"id":66365,"date":"2012-01-31T13:58:18","date_gmt":"2012-01-31T13:58:18","guid":{"rendered":"http:\/\/diariodominicano.ddns.net\/?p=66365"},"modified":"2012-01-31T13:58:18","modified_gmt":"2012-01-31T13:58:18","slug":"cerveza-presidente-y-cultura-inician-mes-de-carnaval","status":"publish","type":"post","link":"https:\/\/diariodominicano.com\/?p=66365","title":{"rendered":"Cerveza Presidente y Cultura inician mes de carnaval"},"content":{"rendered":"<p><body><\/p>\n<p><span class=\"text1noticias\">Santo Domingo RD 31 enero.- El Ministerio de Cultura y Cerveza Presidente dieron inicio al mes de la alegr\u00eda y el colorido con la celebraci\u00f3n de la apertura del mes del Carnaval Dominicano. <\/span><\/p>\n<\/p>\n<p><span class=\"text1noticias\">En un evento realizado en los jardines del hotel El Embajador se dio a conocer la nueva campa\u00f1a de comunicaci\u00f3n de esta temporada, junto a los detalles de las actividades promocionales que la acompa\u00f1ar\u00e1n. <\/span><\/p>\n<\/p>\n<p><span class=\"text1noticias\">\u00abLa amplia programaci\u00f3n del Ministerio de Cultura para el Carnaval 2012 incluye la esperada coronaci\u00f3n del Rey y Reina del Carnaval, que este a\u00f1o son Sergio Vargas y  Hanoi S\u00e1nchez. Adem\u00e1s, se disfrutar\u00e1 del reality show Vive el Carnaval de Noche y de D\u00eda\u00bb expres\u00f3 Jos\u00e9 Rafael Lantigua, ministro de Cultura. \u00abNuevamente, disfrutaremos de una \u00e9poca llena de color y alegr\u00eda en la que enaltecemos el folclore dominicano\u00bb, agreg\u00f3. <\/span><\/p>\n<\/p>\n<p><span class=\"text1noticias\">El evento cont\u00f3 con la conducci\u00f3n de Hony Estrella, quien estuvo caracterizando uno de los personajes que figuran en la nueva campa\u00f1a de la marca. <\/span><\/p>\n<\/p>\n<p><span class=\"text1noticias\">Marisol Mart\u00ednez, gerente de Marca Presidente de Cervecer\u00eda Nacional, expres\u00f3 que \u00abeste a\u00f1o Cerveza Presidente continuar\u00e1 motivando a que todos los dominicanos seamos,cada vez m\u00e1s, parte de esta expresi\u00f3n y dejemos salir la alegr\u00eda que nos contagia visti\u00e9ndonos de color para celebrar nuestra dominicanidad\u00bb. <\/span><\/p>\n<\/p>\n<p><span class=\"text1noticias\">Agreg\u00f3 que como parte de las actividades que estar\u00e1 desarrollando Carnaval Presidente, tendr\u00e1n como inicio de la  temporada la celebraci\u00f3n, junto Pav Entertainment, de la gran fiesta electr\u00f3nica \u00abCarnavalia\u00bb, una experiencia de carnaval \u00fanica que contar\u00e1 con los reconocidos DJ?s internacionales, Steve Angello, Max Vangeli, AN 21 y el dominicano Josian Hidalgo, entre otros atractivos<\/span>.<\/p>\n<\/p>\n<\/p>\n<\/p>\n<\/p>\n<\/p>\n<h6> 2012-01-31 13:58:18 <\/h6>\n<p><!--\n<link rel=\"stylesheet\" href=\"css\/bootstrap.min.css\">\n\n\n<ul class=\"pagination\">\n\t    \n\t\n\n<li >\n\t<a href='?page_no=18042'>Previous<\/a>\n\t<\/li>\n\n\n       \n    \n\n<li><a href='?page_no=1'>1<\/a><\/li>\n\n\n\n<li><a href='?page_no=2'>2<\/a><\/li>\n\n\n\n<li><a>...<\/a><\/li>\n\n\n\n<li><a href='?page_no=18041'>18041<\/a><\/li>\n\n\n\n<li><a href='?page_no=18042'>18042<\/a><\/li>\n\n\n\n<li class='active'><a>18043<\/a><\/li>\n\n\n\n<li><a href='?page_no=18044'>18044<\/a><\/li>\n\n\n\n<li><a href='?page_no=18045'>18045<\/a><\/li>\n\n\n\n<li><a>...<\/a><\/li>\n\n\n\n<li><a href='?page_no=22911'>22911<\/a><\/li>\n\n\n\n<li><a href='?page_no=22912'>22912<\/a><\/li>\n\n    \n\t\n\n<li >\n\t<a href='?page_no=18044'>Next<\/a>\n\t<\/li>\n\n\n    \n\n<li><a href='?page_no=22912'>Last &rsaquo;&rsaquo;<\/a><\/li>\n\n<\/ul>\n\n\n--><br \/>\n<\/body><\/p>\n","protected":false},"excerpt":{"rendered":"<p>Santo Domingo RD 31 enero.- El Ministerio de Cultura y Cerveza Presidente dieron inicio al mes de la alegr\u00eda y el colorido con la celebraci\u00f3n de la apertura del mes del Carnaval Dominicano. En un evento realizado en los jardines del hotel El Embajador se dio a conocer la nueva campa\u00f1a de comunicaci\u00f3n de esta [&hellip;]<\/p>\n","protected":false},"author":3,"featured_media":0,"comment_status":"open","ping_status":"open","sticky":false,"template":"","format":"standard","meta":{"footnotes":""},"categories":[21],"tags":[],"class_list":["post-66365","post","type-post","status-publish","format-standard","hentry","category-cultura"],"_links":{"self":[{"href":"https:\/\/diariodominicano.com\/index.php?rest_route=\/wp\/v2\/posts\/66365","targetHints":{"allow":["GET"]}}],"collection":[{"href":"https:\/\/diariodominicano.com\/index.php?rest_route=\/wp\/v2\/posts"}],"about":[{"href":"https:\/\/diariodominicano.com\/index.php?rest_route=\/wp\/v2\/types\/post"}],"author":[{"embeddable":true,"href":"https:\/\/diariodominicano.com\/index.php?rest_route=\/wp\/v2\/users\/3"}],"replies":[{"embeddable":true,"href":"https:\/\/diariodominicano.com\/index.php?rest_route=%2Fwp%2Fv2%2Fcomments&post=66365"}],"version-history":[{"count":0,"href":"https:\/\/diariodominicano.com\/index.php?rest_route=\/wp\/v2\/posts\/66365\/revisions"}],"wp:attachment":[{"href":"https:\/\/diariodominicano.com\/index.php?rest_route=%2Fwp%2Fv2%2Fmedia&parent=66365"}],"wp:term":[{"taxonomy":"category","embeddable":true,"href":"https:\/\/diariodominicano.com\/index.php?rest_route=%2Fwp%2Fv2%2Fcategories&post=66365"},{"taxonomy":"post_tag","embeddable":true,"href":"https:\/\/diariodominicano.com\/index.php?rest_route=%2Fwp%2Fv2%2Ftags&post=66365"}],"curies":[{"name":"wp","href":"https:\/\/api.w.org\/{rel}","templated":true}]}}