{"id":66364,"date":"2012-01-31T14:23:09","date_gmt":"2012-01-31T14:23:09","guid":{"rendered":"http:\/\/diariodominicano.ddns.net\/?p=66364"},"modified":"2012-01-31T14:23:09","modified_gmt":"2012-01-31T14:23:09","slug":"500-anos-de-lucha-por-la-justicia","status":"publish","type":"post","link":"https:\/\/diariodominicano.com\/?p=66364","title":{"rendered":"&#13;\u00bb500 a\u00f1os de lucha por la justicia\u00bb"},"content":{"rendered":"<p><body><\/p>\n<p><span class=\"text1noticias\">Santo Domingo RD 31 enero.- El Banco de Reservas public\u00f3 el libro 500 a\u00f1os de lucha por la justicia: los Dominicos y la Universidad Aut\u00f3noma de Santo Domingo (UASD).<\/span><\/p>\n<\/p>\n<p><span class=\"text1noticias\">En la obra se incluyen las ponencias del \u00abCongreso internacional 500 a\u00f1os de lucha por la justicia\u00bb, que fue celebrado del 14 al 16 de octubre del a\u00f1o 2010, con los auspicios de la UASD y el Consejo del Centro de Teolog\u00eda Santo Domingo de Guzm\u00e1n.<\/span><\/p>\n<\/p>\n<p><span class=\"text1noticias\">En el encuentro acad\u00e9mico, con el lema \u00abJuntando el derecho con el hecho\u00bb, reconocidos intelectuales de Am\u00e9rica Latina y Europa participaron junto a los dominicanos, valoraron en su amplio alcance la proeza de los dominicos en su denodada lucha contra los abusos del poder y abordaron temas relacionados con los derechos humanos y la justicia.<\/span><\/p>\n<\/p>\n<p><span class=\"text1noticias\">El administrador de Banreservas, Vicente Bengoa, resalt\u00f3 que debido a la importancia de los puntos de vistas presentados, esa instituci\u00f3n financiera se une a la UASD y a la Orden de los Dominicos, en la primera publicaci\u00f3n del acuerdo bibliogr\u00e1fico interinstitucional establecido con la UASD, \u00abque de seguro contribuir\u00e1 a dar a conocer aspectos relevantes de nuestra cultura\u00bb<\/span>. <\/p>\n<\/p>\n<h6> 2012-01-31 14:23:09 <\/h6>\n<p><!--\n<link rel=\"stylesheet\" href=\"css\/bootstrap.min.css\">\n\n\n<ul class=\"pagination\">\n\t    \n\t\n\n<li >\n\t<a href='?page_no=18041'>Previous<\/a>\n\t<\/li>\n\n\n       \n    \n\n<li><a href='?page_no=1'>1<\/a><\/li>\n\n\n\n<li><a href='?page_no=2'>2<\/a><\/li>\n\n\n\n<li><a>...<\/a><\/li>\n\n\n\n<li><a href='?page_no=18040'>18040<\/a><\/li>\n\n\n\n<li><a href='?page_no=18041'>18041<\/a><\/li>\n\n\n\n<li class='active'><a>18042<\/a><\/li>\n\n\n\n<li><a href='?page_no=18043'>18043<\/a><\/li>\n\n\n\n<li><a href='?page_no=18044'>18044<\/a><\/li>\n\n\n\n<li><a>...<\/a><\/li>\n\n\n\n<li><a href='?page_no=22911'>22911<\/a><\/li>\n\n\n\n<li><a href='?page_no=22912'>22912<\/a><\/li>\n\n    \n\t\n\n<li >\n\t<a href='?page_no=18043'>Next<\/a>\n\t<\/li>\n\n\n    \n\n<li><a href='?page_no=22912'>Last &rsaquo;&rsaquo;<\/a><\/li>\n\n<\/ul>\n\n\n--><br \/>\n<\/body><\/p>\n","protected":false},"excerpt":{"rendered":"<p>Santo Domingo RD 31 enero.- El Banco de Reservas public\u00f3 el libro 500 a\u00f1os de lucha por la justicia: los Dominicos y la Universidad Aut\u00f3noma de Santo Domingo (UASD). En la obra se incluyen las ponencias del \u00abCongreso internacional 500 a\u00f1os de lucha por la justicia\u00bb, que fue celebrado del 14 al 16 de octubre [&hellip;]<\/p>\n","protected":false},"author":3,"featured_media":0,"comment_status":"open","ping_status":"open","sticky":false,"template":"","format":"standard","meta":{"footnotes":""},"categories":[21],"tags":[],"class_list":["post-66364","post","type-post","status-publish","format-standard","hentry","category-cultura"],"_links":{"self":[{"href":"https:\/\/diariodominicano.com\/index.php?rest_route=\/wp\/v2\/posts\/66364","targetHints":{"allow":["GET"]}}],"collection":[{"href":"https:\/\/diariodominicano.com\/index.php?rest_route=\/wp\/v2\/posts"}],"about":[{"href":"https:\/\/diariodominicano.com\/index.php?rest_route=\/wp\/v2\/types\/post"}],"author":[{"embeddable":true,"href":"https:\/\/diariodominicano.com\/index.php?rest_route=\/wp\/v2\/users\/3"}],"replies":[{"embeddable":true,"href":"https:\/\/diariodominicano.com\/index.php?rest_route=%2Fwp%2Fv2%2Fcomments&post=66364"}],"version-history":[{"count":0,"href":"https:\/\/diariodominicano.com\/index.php?rest_route=\/wp\/v2\/posts\/66364\/revisions"}],"wp:attachment":[{"href":"https:\/\/diariodominicano.com\/index.php?rest_route=%2Fwp%2Fv2%2Fmedia&parent=66364"}],"wp:term":[{"taxonomy":"category","embeddable":true,"href":"https:\/\/diariodominicano.com\/index.php?rest_route=%2Fwp%2Fv2%2Fcategories&post=66364"},{"taxonomy":"post_tag","embeddable":true,"href":"https:\/\/diariodominicano.com\/index.php?rest_route=%2Fwp%2Fv2%2Ftags&post=66364"}],"curies":[{"name":"wp","href":"https:\/\/api.w.org\/{rel}","templated":true}]}}