{"id":66362,"date":"2012-01-31T20:02:09","date_gmt":"2012-01-31T20:02:09","guid":{"rendered":"http:\/\/diariodominicano.ddns.net\/?p=66362"},"modified":"2012-01-31T20:02:09","modified_gmt":"2012-01-31T20:02:09","slug":"feria-del-libro-se-dedicara-este-ano-a-enriquillo-sanchez","status":"publish","type":"post","link":"https:\/\/diariodominicano.com\/?p=66362","title":{"rendered":"&#13;Feria del Libro se dedicar\u00e1 este a\u00f1o a Enriquillo S\u00e1nchez"},"content":{"rendered":"<p><body><\/p>\n<p><img decoding=\"async\" src=\"img3\/feria enriquillo sanchez.JPG\" \/>  <\/p>\n<p><span class=\"text1noticias\">SANTO DOMINGO, 31 Ene 2012.-El poeta, narrador y ensayista Enriquillo S\u00e1nchez ser\u00e1 el escritor al que honrar\u00e1 este a\u00f1o la Feria Internacional del Libro de Santo Domingo, la cual  celebrar\u00e1 su d\u00e9cimo-quinta edici\u00f3n.<\/span><\/p>\n<\/p>\n<p><span class=\"text1noticias\">El m\u00e1s importante evento cultural dominicano recordar\u00e1 adem\u00e1s con diversas actividades el centenario de nacimiento del poeta y ensayista H\u00e9ctor Inch\u00e1ustegui Cabral y del poeta y pintor Eugenio Fern\u00e1ndez Granell, perteneciente a la emigraci\u00f3n espa\u00f1ola de los a\u00f1os treinta y miembro de La Poes\u00eda Sorprendida.<\/span><\/p>\n<\/p>\n<p><span class=\"text1noticias\">Del mismo modo, se unir\u00e1 a las actividades conmemorativas del centenario de la actriz Mar\u00eda Mont\u00e9s, con coloquios sobre su trayectoria, un ciclo de cine y un pabell\u00f3n en su honor.<\/span><\/p>\n<\/p>\n<p><span class=\"text1noticias\">El anuncio lo hizo el director general de la Feria del Libro, Alejandro Arvelo, quien se\u00f1al\u00f3 que la actividad se desarrollar\u00e1 este a\u00f1o del 18 de abril al 6 de mayo, teniendo a los pa\u00edses de Centroam\u00e9rica como invitados de honor.<\/span><\/p>\n<\/p>\n<p><span class=\"text1noticias\">Arvelo inform\u00f3 que existe un gran entusiasmo en toda Centroam\u00e9rica para su participaci\u00f3n en el magno evento que, como cada a\u00f1o, se realiza en la Plaza de la Cultura Juan Pablo Duarte. Escritores, editores y artistas de Belice, Costa Rica, El Salvador, Honduras, Guatemala, Nicaragua y Panam\u00e1, tomar\u00e1n parte de forma activa en el encuentro ferial dominicano.<\/span><\/p>\n<\/p>\n<p><span class=\"text1noticias\">Enriquillo S\u00e1nchez, perteneciente a la denominada Generaci\u00f3n de Postguerra, obtuvo diversos lauros como cuentista, poeta y ensayista, entre ellos el Premio Nacional de Poes\u00eda Salom\u00e9 Ure\u00f1a, el Premio Latinoamericano de Poes\u00eda Rub\u00e9n Dar\u00edo y el Premio Nacional de Ensayo Pedro Henr\u00edquez Ure\u00f1a, adem\u00e1s de los premios de cuentos de Casa de Teatro.<\/span><\/p>\n<\/p>\n<p><span class=\"text1noticias\">Entre sus obras figuran, en poes\u00eda: P\u00e1jaro dentro de la lluvia (1983), Por la cumbancha de Maguita (1985), Convicto y confeso I (1989), y Memoria del Azar (1996). Igualmente, la novela \u00abMusiquito\u00bb, la colecci\u00f3n de cuentos  \u00abRayada de pez como la noche\u00bb, y los ensayos  \u00abPara uso oficial solamente\u00bb, \u00abDevo(ra)ciones\u00bb y \u00abLa guerra como espect\u00e1culo\u00bb. Recientemente, el Ministerio de Cultura public\u00f3 sus \u00abPalotes de \u00a1Ahora!\u00bb que recoge sus art\u00edculos en la secci\u00f3n literaria que public\u00f3 en la desaparecida revista. Falleci\u00f3 en agosto del 2004, a los 57 a\u00f1os de edad.<\/span><\/p>\n<\/p>\n<p><span class=\"text1noticias\">\u00abHemos querido honrar a este extraordinario intelectual, escritor laureado y figura referencial de las letras contempor\u00e1neas del pa\u00eds, en el 15\u00ba aniversario de la Feria Internacional del Libro, de la cual \u00e9l fue parte de su equipo fundador\u00bb, declar\u00f3 Arvelo.<\/span><\/p>\n<\/p>\n<p><span class=\"text1noticias\">Destac\u00f3 que otras importantes informaciones en torno al acontecimiento cultural anual, ser\u00e1n ofrecidas en las pr\u00f3ximas semanas.<\/span><\/p>\n<\/p>\n<\/p>\n<h6> 2012-01-31 20:02:09 <\/h6>\n<p><!--\n<link rel=\"stylesheet\" href=\"css\/bootstrap.min.css\">\n\n\n<ul class=\"pagination\">\n\t    \n\t\n\n<li >\n\t<a href='?page_no=18039'>Previous<\/a>\n\t<\/li>\n\n\n       \n    \n\n<li><a href='?page_no=1'>1<\/a><\/li>\n\n\n\n<li><a href='?page_no=2'>2<\/a><\/li>\n\n\n\n<li><a>...<\/a><\/li>\n\n\n\n<li><a href='?page_no=18038'>18038<\/a><\/li>\n\n\n\n<li><a href='?page_no=18039'>18039<\/a><\/li>\n\n\n\n<li class='active'><a>18040<\/a><\/li>\n\n\n\n<li><a href='?page_no=18041'>18041<\/a><\/li>\n\n\n\n<li><a href='?page_no=18042'>18042<\/a><\/li>\n\n\n\n<li><a>...<\/a><\/li>\n\n\n\n<li><a href='?page_no=22911'>22911<\/a><\/li>\n\n\n\n<li><a href='?page_no=22912'>22912<\/a><\/li>\n\n    \n\t\n\n<li >\n\t<a href='?page_no=18041'>Next<\/a>\n\t<\/li>\n\n\n    \n\n<li><a href='?page_no=22912'>Last &rsaquo;&rsaquo;<\/a><\/li>\n\n<\/ul>\n\n\n--><br \/>\n<\/body><\/p>\n","protected":false},"excerpt":{"rendered":"<p>SANTO DOMINGO, 31 Ene 2012.-El poeta, narrador y ensayista Enriquillo S\u00e1nchez ser\u00e1 el escritor al que honrar\u00e1 este a\u00f1o la Feria Internacional del Libro de Santo Domingo, la cual celebrar\u00e1 su d\u00e9cimo-quinta edici\u00f3n. El m\u00e1s importante evento cultural dominicano recordar\u00e1 adem\u00e1s con diversas actividades el centenario de nacimiento del poeta y ensayista H\u00e9ctor Inch\u00e1ustegui Cabral [&hellip;]<\/p>\n","protected":false},"author":3,"featured_media":0,"comment_status":"open","ping_status":"open","sticky":false,"template":"","format":"standard","meta":{"footnotes":""},"categories":[21],"tags":[],"class_list":["post-66362","post","type-post","status-publish","format-standard","hentry","category-cultura"],"_links":{"self":[{"href":"https:\/\/diariodominicano.com\/index.php?rest_route=\/wp\/v2\/posts\/66362","targetHints":{"allow":["GET"]}}],"collection":[{"href":"https:\/\/diariodominicano.com\/index.php?rest_route=\/wp\/v2\/posts"}],"about":[{"href":"https:\/\/diariodominicano.com\/index.php?rest_route=\/wp\/v2\/types\/post"}],"author":[{"embeddable":true,"href":"https:\/\/diariodominicano.com\/index.php?rest_route=\/wp\/v2\/users\/3"}],"replies":[{"embeddable":true,"href":"https:\/\/diariodominicano.com\/index.php?rest_route=%2Fwp%2Fv2%2Fcomments&post=66362"}],"version-history":[{"count":0,"href":"https:\/\/diariodominicano.com\/index.php?rest_route=\/wp\/v2\/posts\/66362\/revisions"}],"wp:attachment":[{"href":"https:\/\/diariodominicano.com\/index.php?rest_route=%2Fwp%2Fv2%2Fmedia&parent=66362"}],"wp:term":[{"taxonomy":"category","embeddable":true,"href":"https:\/\/diariodominicano.com\/index.php?rest_route=%2Fwp%2Fv2%2Fcategories&post=66362"},{"taxonomy":"post_tag","embeddable":true,"href":"https:\/\/diariodominicano.com\/index.php?rest_route=%2Fwp%2Fv2%2Ftags&post=66362"}],"curies":[{"name":"wp","href":"https:\/\/api.w.org\/{rel}","templated":true}]}}