{"id":66361,"date":"2012-01-31T20:53:10","date_gmt":"2012-01-31T20:53:10","guid":{"rendered":"http:\/\/diariodominicano.ddns.net\/?p=66361"},"modified":"2012-01-31T20:53:10","modified_gmt":"2012-01-31T20:53:10","slug":"mic-deposita-ofrenda-floral-para-conmemorar-el-mes-de-la-patria","status":"publish","type":"post","link":"https:\/\/diariodominicano.com\/?p=66361","title":{"rendered":"&#13;MIC deposita ofrenda floral para conmemorar el \u00abMes de la Patria\u00bb&#13;"},"content":{"rendered":"<p><body><\/p>\n<p><img decoding=\"async\" src=\"img3\/MES DE LA PATRIA.JPG\" \/>  <\/p>\n<p><span class=\"text1noticias\">SANTO DOMINGO, 31 Ene 2012.-El Ministerio de Industria y Comercio (MIC) deposit\u00f3 este martes una ofrenda floral en el Altar de la Patria en honor a los padres Fundadores de la Rep\u00fablica y como parte de los actos conmemorativos del \u00abMes de la Patria\u00bb.<\/span><\/p>\n<p><span class=\"text1noticias\"> <\/span><\/p>\n<p><span class=\"text1noticias\">La ceremonia fue presidida por el viceministro administrativo Fernando Pou Le\u00f3n, quien represent\u00f3 al Ministro Manuel Garc\u00eda Ar\u00e9valo.<\/span><\/p>\n<p><span class=\"text1noticias\"> <\/span><\/p>\n<p><span class=\"text1noticias\">Al dirigir las palabras centrales a los viceministros, directores y encargados asistentes a la ceremonia, Pou Le\u00f3n resalt\u00f3 los caminos de esfuerzo y sacrificio que en diferentes \u00e9pocas debieron transitar ilustres hombres y mujeres para legarnos una Patria Libre, soberana e independiente.<\/span><\/p>\n<p><span class=\"text1noticias\"> <\/span><\/p>\n<p><span class=\"text1noticias\">Destac\u00f3 que Rep\u00fablica Dominicana exhibe hoy el orgullo de ser un espacio democr\u00e1tico donde se disfruta a plenitud de la libertad y el libre ejercicio de expresi\u00f3n de las ideas.<\/span><\/p>\n<p><span class=\"text1noticias\"> <\/span><\/p>\n<p><span class=\"text1noticias\">\u00abNos honra rendir tributo a quienes ofrendaron su sangre para hacer posible que nos sintamos hoy orgullosos de ser dominicanos. Hay que recordar que forjar la libertad de este pueblo cost\u00f3 sangre, pero tambi\u00e9n nos ha dado satisfacci\u00f3n y alegr\u00eda?, indic\u00f3.<\/span><\/p>\n<p><span class=\"text1noticias\"> <\/span><\/p>\n<p><span class=\"text1noticias\">Pou Le\u00f3n formul\u00f3 un llamado a todos los dominicanos para que se sientan orgullosos de la naci\u00f3n que tenemos e invit\u00f3 a que junto a familiares y amigos, celebren el Mes de la Patria y aprovechen para visitar los lugares hist\u00f3ricos que ayudan a valorar el presente que hoy tenemos.<\/span><\/p>\n<p><span class=\"text1noticias\"> <\/span><\/p>\n<p><span class=\"text1noticias\">Las actividades correspondientes al Mes de la Patria inician el 26 de enero, d\u00eda del natalicio de Juan Pablo Duarte y concluyen el 27 de febrero, fecha de la proclamaci\u00f3n de la Independencia Nacional.<\/span><\/p>\n<p><span class=\"text1noticias\"> <\/span><\/p>\n<\/p>\n<h6> 2012-01-31 20:53:10 <\/h6>\n<p><!--\n<link rel=\"stylesheet\" href=\"css\/bootstrap.min.css\">\n\n\n<ul class=\"pagination\">\n\t    \n\t\n\n<li >\n\t<a href='?page_no=18038'>Previous<\/a>\n\t<\/li>\n\n\n       \n    \n\n<li><a href='?page_no=1'>1<\/a><\/li>\n\n\n\n<li><a href='?page_no=2'>2<\/a><\/li>\n\n\n\n<li><a>...<\/a><\/li>\n\n\n\n<li><a href='?page_no=18037'>18037<\/a><\/li>\n\n\n\n<li><a href='?page_no=18038'>18038<\/a><\/li>\n\n\n\n<li class='active'><a>18039<\/a><\/li>\n\n\n\n<li><a href='?page_no=18040'>18040<\/a><\/li>\n\n\n\n<li><a href='?page_no=18041'>18041<\/a><\/li>\n\n\n\n<li><a>...<\/a><\/li>\n\n\n\n<li><a href='?page_no=22911'>22911<\/a><\/li>\n\n\n\n<li><a href='?page_no=22912'>22912<\/a><\/li>\n\n    \n\t\n\n<li >\n\t<a href='?page_no=18040'>Next<\/a>\n\t<\/li>\n\n\n    \n\n<li><a href='?page_no=22912'>Last &rsaquo;&rsaquo;<\/a><\/li>\n\n<\/ul>\n\n\n--><br \/>\n<\/body><\/p>\n","protected":false},"excerpt":{"rendered":"<p>SANTO DOMINGO, 31 Ene 2012.-El Ministerio de Industria y Comercio (MIC) deposit\u00f3 este martes una ofrenda floral en el Altar de la Patria en honor a los padres Fundadores de la Rep\u00fablica y como parte de los actos conmemorativos del \u00abMes de la Patria\u00bb. La ceremonia fue presidida por el viceministro administrativo Fernando Pou Le\u00f3n, [&hellip;]<\/p>\n","protected":false},"author":3,"featured_media":0,"comment_status":"open","ping_status":"open","sticky":false,"template":"","format":"standard","meta":{"footnotes":""},"categories":[21],"tags":[],"class_list":["post-66361","post","type-post","status-publish","format-standard","hentry","category-cultura"],"_links":{"self":[{"href":"https:\/\/diariodominicano.com\/index.php?rest_route=\/wp\/v2\/posts\/66361","targetHints":{"allow":["GET"]}}],"collection":[{"href":"https:\/\/diariodominicano.com\/index.php?rest_route=\/wp\/v2\/posts"}],"about":[{"href":"https:\/\/diariodominicano.com\/index.php?rest_route=\/wp\/v2\/types\/post"}],"author":[{"embeddable":true,"href":"https:\/\/diariodominicano.com\/index.php?rest_route=\/wp\/v2\/users\/3"}],"replies":[{"embeddable":true,"href":"https:\/\/diariodominicano.com\/index.php?rest_route=%2Fwp%2Fv2%2Fcomments&post=66361"}],"version-history":[{"count":0,"href":"https:\/\/diariodominicano.com\/index.php?rest_route=\/wp\/v2\/posts\/66361\/revisions"}],"wp:attachment":[{"href":"https:\/\/diariodominicano.com\/index.php?rest_route=%2Fwp%2Fv2%2Fmedia&parent=66361"}],"wp:term":[{"taxonomy":"category","embeddable":true,"href":"https:\/\/diariodominicano.com\/index.php?rest_route=%2Fwp%2Fv2%2Fcategories&post=66361"},{"taxonomy":"post_tag","embeddable":true,"href":"https:\/\/diariodominicano.com\/index.php?rest_route=%2Fwp%2Fv2%2Ftags&post=66361"}],"curies":[{"name":"wp","href":"https:\/\/api.w.org\/{rel}","templated":true}]}}