{"id":66360,"date":"2012-01-31T21:03:51","date_gmt":"2012-01-31T21:03:51","guid":{"rendered":"http:\/\/diariodominicano.ddns.net\/?p=66360"},"modified":"2012-01-31T21:03:51","modified_gmt":"2012-01-31T21:03:51","slug":"antonio-thomen-dona-coleccion-fotografica-al-agn","status":"publish","type":"post","link":"https:\/\/diariodominicano.com\/?p=66360","title":{"rendered":"&#13;&#13;Antonio Thom\u00e9n dona colecci\u00f3n fotogr\u00e1fica al AGN"},"content":{"rendered":"<p><body><\/p>\n<p><img decoding=\"async\" src=\"img3\/archivo genaral rd.jpg\" \/>  <\/p>\n<p><span class=\"text1noticias\">SANTO DOMINGO, 31 Ene 2012.-El escritor y ecologista Antonio Thom\u00e9n don\u00f3 una colecci\u00f3n fotogr\u00e1fica al Archivo General de la Naci\u00f3n (AGN), que reflejan escenas y figuras sobresalientes de la guerra de abril de 1965.<\/span><\/p>\n<\/p>\n<p><span class=\"text1noticias\">Contiene 198 im\u00e1genes capturadas por el fot\u00f3grafo Jes\u00fas Mar\u00eda Pichardo, en papel y negativos de acetato.<\/span><\/p>\n<\/p>\n<p><span class=\"text1noticias\">Thom\u00e9n, historiador y director de la Biblioteca del Instituto Duartiano, hizo la entrega a Roberto Cass\u00e1, director del AGN, quien destac\u00f3 la importancia que reviste para el investigador este apoyo visual.<\/span><\/p>\n<\/p>\n<p><span class=\"text1noticias\">Manifest\u00f3 que la instituci\u00f3n que preside realizar\u00e1 ahora su preservaci\u00f3n, conservaci\u00f3n y clasificaci\u00f3n para ponerla a disposici\u00f3n de los usuarios.<\/span><\/p>\n<\/p>\n<\/p>\n<h6> 2012-01-31 21:03:51 <\/h6>\n<p><!--\n<link rel=\"stylesheet\" href=\"css\/bootstrap.min.css\">\n\n\n<ul class=\"pagination\">\n\t    \n\t\n\n<li >\n\t<a href='?page_no=18037'>Previous<\/a>\n\t<\/li>\n\n\n       \n    \n\n<li><a href='?page_no=1'>1<\/a><\/li>\n\n\n\n<li><a href='?page_no=2'>2<\/a><\/li>\n\n\n\n<li><a>...<\/a><\/li>\n\n\n\n<li><a href='?page_no=18036'>18036<\/a><\/li>\n\n\n\n<li><a href='?page_no=18037'>18037<\/a><\/li>\n\n\n\n<li class='active'><a>18038<\/a><\/li>\n\n\n\n<li><a href='?page_no=18039'>18039<\/a><\/li>\n\n\n\n<li><a href='?page_no=18040'>18040<\/a><\/li>\n\n\n\n<li><a>...<\/a><\/li>\n\n\n\n<li><a href='?page_no=22911'>22911<\/a><\/li>\n\n\n\n<li><a href='?page_no=22912'>22912<\/a><\/li>\n\n    \n\t\n\n<li >\n\t<a href='?page_no=18039'>Next<\/a>\n\t<\/li>\n\n\n    \n\n<li><a href='?page_no=22912'>Last &rsaquo;&rsaquo;<\/a><\/li>\n\n<\/ul>\n\n\n--><br \/>\n<\/body><\/p>\n","protected":false},"excerpt":{"rendered":"<p>SANTO DOMINGO, 31 Ene 2012.-El escritor y ecologista Antonio Thom\u00e9n don\u00f3 una colecci\u00f3n fotogr\u00e1fica al Archivo General de la Naci\u00f3n (AGN), que reflejan escenas y figuras sobresalientes de la guerra de abril de 1965. Contiene 198 im\u00e1genes capturadas por el fot\u00f3grafo Jes\u00fas Mar\u00eda Pichardo, en papel y negativos de acetato. Thom\u00e9n, historiador y director de [&hellip;]<\/p>\n","protected":false},"author":3,"featured_media":0,"comment_status":"open","ping_status":"open","sticky":false,"template":"","format":"standard","meta":{"footnotes":""},"categories":[21],"tags":[],"class_list":["post-66360","post","type-post","status-publish","format-standard","hentry","category-cultura"],"_links":{"self":[{"href":"https:\/\/diariodominicano.com\/index.php?rest_route=\/wp\/v2\/posts\/66360","targetHints":{"allow":["GET"]}}],"collection":[{"href":"https:\/\/diariodominicano.com\/index.php?rest_route=\/wp\/v2\/posts"}],"about":[{"href":"https:\/\/diariodominicano.com\/index.php?rest_route=\/wp\/v2\/types\/post"}],"author":[{"embeddable":true,"href":"https:\/\/diariodominicano.com\/index.php?rest_route=\/wp\/v2\/users\/3"}],"replies":[{"embeddable":true,"href":"https:\/\/diariodominicano.com\/index.php?rest_route=%2Fwp%2Fv2%2Fcomments&post=66360"}],"version-history":[{"count":0,"href":"https:\/\/diariodominicano.com\/index.php?rest_route=\/wp\/v2\/posts\/66360\/revisions"}],"wp:attachment":[{"href":"https:\/\/diariodominicano.com\/index.php?rest_route=%2Fwp%2Fv2%2Fmedia&parent=66360"}],"wp:term":[{"taxonomy":"category","embeddable":true,"href":"https:\/\/diariodominicano.com\/index.php?rest_route=%2Fwp%2Fv2%2Fcategories&post=66360"},{"taxonomy":"post_tag","embeddable":true,"href":"https:\/\/diariodominicano.com\/index.php?rest_route=%2Fwp%2Fv2%2Ftags&post=66360"}],"curies":[{"name":"wp","href":"https:\/\/api.w.org\/{rel}","templated":true}]}}