{"id":66358,"date":"2012-01-31T21:27:03","date_gmt":"2012-01-31T21:27:03","guid":{"rendered":"http:\/\/diariodominicano.ddns.net\/?p=66358"},"modified":"2012-01-31T21:27:03","modified_gmt":"2012-01-31T21:27:03","slug":"el-ayuntamiento-organizo-un-homenaje-a-los-heroes-y-patriotas-del-grupo-los-panfleteros","status":"publish","type":"post","link":"https:\/\/diariodominicano.com\/?p=66358","title":{"rendered":"&#13;El Ayuntamiento organiz\u00f3 un homenaje a los h\u00e9roes y patriotas del grupo Los Panfleteros"},"content":{"rendered":"<p><body><\/p>\n<p><img decoding=\"async\" src=\"img3\/Los Panfleteros 1.JPG\" \/><br \/><img decoding=\"async\" src=\"img3\/Los Panfleteros 2.JPG\" \/>  <\/p>\n<p><span class=\"text1noticias\">SANTIAGO, 31 Ene 2012.-El Ayuntamiento de Santiago v\u00eda el Departamento de Cultura organiz\u00f3 un homenaje de reconocimiento a los h\u00e9roes y patriotas del grupo Los Panfleteros que se rebelaron contra la dictadura de Rafael Le\u00f3nidas Trujillo en Santiago.<\/span><\/p>\n<\/p>\n<p><span class=\"text1noticias\">El homenaje fue montado justo frente al busto erigido por la Alcald\u00eda local en honor a Los Panfleteros en los jardines de la Avenida Las Carreras, en el sector de La Joya, donde se dieron cita activistas de esa gesta.<\/span><\/p>\n<\/p>\n<p><span class=\"text1noticias\">Asimismo, en  el ceremonial se dieron cita los sobrevivientes de ese movimiento de resistencia civil contra el trujillismo, Jos\u00e9 Rafael Colon, el que dise\u00f1o los panfletos puestos a circular por las calles de Santiago por Homero Herrera y Francisco Germ\u00e1n Benedicto.<\/span><\/p>\n<\/p>\n<p><span class=\"text1noticias\">Bajo una llovizna registrada en Santiago, los asistentes al acto de recordaci\u00f3n a Los Panfleteros cantaron las notas del Himno Nacional, y gritaron Presente! toda vez que los presentadores le\u00edan la lista de los anti trujillistas.<\/span><\/p>\n<\/p>\n<p><span class=\"text1noticias\">En una nota emocionante, Marcelo Berm\u00fadez, quien desde el movimiento pol\u00edtico 14 de Junio respaldo la gesta Los Panfleteros, dijo a la concurrencia que los hechos de 1960 concluyeron con la sangre derramada por los patriotas santiaguenses.<\/span><\/p>\n<\/p>\n<p><span class=\"text1noticias\">La Guardia de Honor fue  montada por grupos de cadetes del Colegio San Francisco de As\u00eds, en tanto que asistieron personalidades de la pol\u00edtica y representantes de agrupaciones de la sociedad civil dominicana.<\/span><\/p>\n<p><span class=\"text1noticias\">El d\u00fao art\u00edstico integrado por Pablo y Mam\u00e1 In\u00e9s interpreto varias canciones aleg\u00f3ricas a la lucha patri\u00f3tica de los dominicanos.<\/span><\/p>\n<\/p>\n<p><span class=\"text1noticias\">En tanto que el Director de la Direcci\u00f3n de Cultura del Ayuntamiento de Santiago, Josu\u00e9 G\u00f3mez, dijo que el reconocimiento a Los Panfleteros es un esfuerzo de la Alcald\u00eda local para mantener viva la chispa del civismo y del patriotismo de los mun\u00edcipes.<\/span><\/p>\n<\/p>\n<p><span class=\"text1noticias\">Fueron 38 los santiagueros que ofrendaron sus vidas en el levantamiento c\u00edvico orientado a incitar a la poblaci\u00f3n de Santiago a resistir el oprobio de la dictadura de Trujillo.<\/span><\/p>\n<\/p>\n<h6> 2012-01-31 21:27:03 <\/h6>\n<p><!--\n<link rel=\"stylesheet\" href=\"css\/bootstrap.min.css\">\n\n\n<ul class=\"pagination\">\n\t    \n\t\n\n<li >\n\t<a href='?page_no=18035'>Previous<\/a>\n\t<\/li>\n\n\n       \n    \n\n<li><a href='?page_no=1'>1<\/a><\/li>\n\n\n\n<li><a href='?page_no=2'>2<\/a><\/li>\n\n\n\n<li><a>...<\/a><\/li>\n\n\n\n<li><a href='?page_no=18034'>18034<\/a><\/li>\n\n\n\n<li><a href='?page_no=18035'>18035<\/a><\/li>\n\n\n\n<li class='active'><a>18036<\/a><\/li>\n\n\n\n<li><a href='?page_no=18037'>18037<\/a><\/li>\n\n\n\n<li><a href='?page_no=18038'>18038<\/a><\/li>\n\n\n\n<li><a>...<\/a><\/li>\n\n\n\n<li><a href='?page_no=22911'>22911<\/a><\/li>\n\n\n\n<li><a href='?page_no=22912'>22912<\/a><\/li>\n\n    \n\t\n\n<li >\n\t<a href='?page_no=18037'>Next<\/a>\n\t<\/li>\n\n\n    \n\n<li><a href='?page_no=22912'>Last &rsaquo;&rsaquo;<\/a><\/li>\n\n<\/ul>\n\n\n--><br \/>\n<\/body><\/p>\n","protected":false},"excerpt":{"rendered":"<p>SANTIAGO, 31 Ene 2012.-El Ayuntamiento de Santiago v\u00eda el Departamento de Cultura organiz\u00f3 un homenaje de reconocimiento a los h\u00e9roes y patriotas del grupo Los Panfleteros que se rebelaron contra la dictadura de Rafael Le\u00f3nidas Trujillo en Santiago. El homenaje fue montado justo frente al busto erigido por la Alcald\u00eda local en honor a Los [&hellip;]<\/p>\n","protected":false},"author":3,"featured_media":0,"comment_status":"open","ping_status":"open","sticky":false,"template":"","format":"standard","meta":{"footnotes":""},"categories":[21],"tags":[],"class_list":["post-66358","post","type-post","status-publish","format-standard","hentry","category-cultura"],"_links":{"self":[{"href":"https:\/\/diariodominicano.com\/index.php?rest_route=\/wp\/v2\/posts\/66358","targetHints":{"allow":["GET"]}}],"collection":[{"href":"https:\/\/diariodominicano.com\/index.php?rest_route=\/wp\/v2\/posts"}],"about":[{"href":"https:\/\/diariodominicano.com\/index.php?rest_route=\/wp\/v2\/types\/post"}],"author":[{"embeddable":true,"href":"https:\/\/diariodominicano.com\/index.php?rest_route=\/wp\/v2\/users\/3"}],"replies":[{"embeddable":true,"href":"https:\/\/diariodominicano.com\/index.php?rest_route=%2Fwp%2Fv2%2Fcomments&post=66358"}],"version-history":[{"count":0,"href":"https:\/\/diariodominicano.com\/index.php?rest_route=\/wp\/v2\/posts\/66358\/revisions"}],"wp:attachment":[{"href":"https:\/\/diariodominicano.com\/index.php?rest_route=%2Fwp%2Fv2%2Fmedia&parent=66358"}],"wp:term":[{"taxonomy":"category","embeddable":true,"href":"https:\/\/diariodominicano.com\/index.php?rest_route=%2Fwp%2Fv2%2Fcategories&post=66358"},{"taxonomy":"post_tag","embeddable":true,"href":"https:\/\/diariodominicano.com\/index.php?rest_route=%2Fwp%2Fv2%2Ftags&post=66358"}],"curies":[{"name":"wp","href":"https:\/\/api.w.org\/{rel}","templated":true}]}}