{"id":66357,"date":"2012-01-31T21:49:56","date_gmt":"2012-01-31T21:49:56","guid":{"rendered":"http:\/\/diariodominicano.ddns.net\/?p=66357"},"modified":"2012-01-31T21:49:56","modified_gmt":"2012-01-31T21:49:56","slug":"union-carnaval-de-puerto-plata-corona-rey-y-elige-reina","status":"publish","type":"post","link":"https:\/\/diariodominicano.com\/?p=66357","title":{"rendered":"&#13;Uni\u00f3n Carnaval de Puerto Plata corona rey y elige reina"},"content":{"rendered":"<p><body><\/p>\n<p><img decoding=\"async\" src=\"img3\/rey carnaval pp.JPG\" \/><br \/><img decoding=\"async\" src=\"img3\/rey carnaval pp 1.JPG\" \/><br \/><img decoding=\"async\" src=\"img3\/reyna carnaval pp.JPG\" \/>  <\/p>\n<p><span class=\"text1noticias\">Por: Juan Morrobel <\/span><\/p>\n<\/p>\n<p><span class=\"text1noticias\">PUERTO PLATA,  31 Ene 2012.-En una noche llena de coloridos, de trajes vistosos y grandes emociones, se corono a Ram\u00f3n Ramos como el Rey Momo y se escogi\u00f3 a la joven Deborah Sosa como la Reina del Carnaval Puerto Plata 2012, el cual ser\u00e1 dedicado al creador de la identidad de la macara taina (Ta\u00edmacaro) Jacinto Berd,  actividad que fue realizada por la Uni\u00f3n del carnaval de esta ciudad (UCAPPLATA), en el anfiteatro Be Live del Hotel Marien la noche del pasado domingo 29 del corriente mes.<\/span><\/p>\n<\/p>\n<p><span class=\"text1noticias\">Un total de una doces j\u00f3venes de los distintos centros educativos p\u00fablicos y privaros participaron en el concurso para escoge la reina, las j\u00f3venes finalitas que acompa\u00f1ara a reina Sosa, como segunda finalita Yuliana Banks y como primera finalita Liselotte Cabrera, la m\u00e1s fotog\u00e9nica fue Karen L\u00f3pez del Rosario y como mis amistad Andy de Jes\u00fas, las ganadora recibieron m\u00e1s de $ 20 mil pesos en efectivos, fines de semana, premios en compras.<\/span><\/p>\n<\/p>\n<p><span class=\"text1noticias\">UCAPPLATA instituci\u00f3n responsable de organizar el carnaval en esta provincia, y tiene al frente como presidente al doctor Yanco Souffront, Rafael Pe\u00f1a, Presidente  de los Taim\u00e1scaros, \u00c1ngel Pe\u00f1a Presidente de los Comparseros, la licenciada Mileika Brugal en mercadeo entre otros, la alcald\u00eda municipal que dirige el licenciado Walter Musa, ofreci\u00f3 totalmente su respaldo a esta importante actividad carnavalesca, el jurado estuvo encabezado por la gobernadora provincial Eri dania Llibre, el alcalde municipal Walter Musa, el licenciado Edgar Lantigua en representaci\u00f3n del senador Francis Vargas, Milka Morales, Kendra Reyes, H\u00e9ctor Monta y Gelen Souffront,  mientra que el encargado de computo fue Sergi Reinoso,el p\u00fablico asistente pudo disfrutar de los coloridos disfraces de los Taim\u00e1scaros y disfraces t\u00edpicos del carnaval local, adem\u00e1s la presentaci\u00f3n del grupo del show Brav\u00edsssimo de Ocean World.<\/span><\/p>\n<\/p>\n<h6> 2012-01-31 21:49:56 <\/h6>\n<p><!--\n<link rel=\"stylesheet\" href=\"css\/bootstrap.min.css\">\n\n\n<ul class=\"pagination\">\n\t    \n\t\n\n<li >\n\t<a href='?page_no=18034'>Previous<\/a>\n\t<\/li>\n\n\n       \n    \n\n<li><a href='?page_no=1'>1<\/a><\/li>\n\n\n\n<li><a href='?page_no=2'>2<\/a><\/li>\n\n\n\n<li><a>...<\/a><\/li>\n\n\n\n<li><a href='?page_no=18033'>18033<\/a><\/li>\n\n\n\n<li><a href='?page_no=18034'>18034<\/a><\/li>\n\n\n\n<li class='active'><a>18035<\/a><\/li>\n\n\n\n<li><a href='?page_no=18036'>18036<\/a><\/li>\n\n\n\n<li><a href='?page_no=18037'>18037<\/a><\/li>\n\n\n\n<li><a>...<\/a><\/li>\n\n\n\n<li><a href='?page_no=22911'>22911<\/a><\/li>\n\n\n\n<li><a href='?page_no=22912'>22912<\/a><\/li>\n\n    \n\t\n\n<li >\n\t<a href='?page_no=18036'>Next<\/a>\n\t<\/li>\n\n\n    \n\n<li><a href='?page_no=22912'>Last &rsaquo;&rsaquo;<\/a><\/li>\n\n<\/ul>\n\n\n--><br \/>\n<\/body><\/p>\n","protected":false},"excerpt":{"rendered":"<p>Por: Juan Morrobel PUERTO PLATA, 31 Ene 2012.-En una noche llena de coloridos, de trajes vistosos y grandes emociones, se corono a Ram\u00f3n Ramos como el Rey Momo y se escogi\u00f3 a la joven Deborah Sosa como la Reina del Carnaval Puerto Plata 2012, el cual ser\u00e1 dedicado al creador de la identidad de la [&hellip;]<\/p>\n","protected":false},"author":3,"featured_media":0,"comment_status":"open","ping_status":"open","sticky":false,"template":"","format":"standard","meta":{"footnotes":""},"categories":[21],"tags":[],"class_list":["post-66357","post","type-post","status-publish","format-standard","hentry","category-cultura"],"_links":{"self":[{"href":"https:\/\/diariodominicano.com\/index.php?rest_route=\/wp\/v2\/posts\/66357","targetHints":{"allow":["GET"]}}],"collection":[{"href":"https:\/\/diariodominicano.com\/index.php?rest_route=\/wp\/v2\/posts"}],"about":[{"href":"https:\/\/diariodominicano.com\/index.php?rest_route=\/wp\/v2\/types\/post"}],"author":[{"embeddable":true,"href":"https:\/\/diariodominicano.com\/index.php?rest_route=\/wp\/v2\/users\/3"}],"replies":[{"embeddable":true,"href":"https:\/\/diariodominicano.com\/index.php?rest_route=%2Fwp%2Fv2%2Fcomments&post=66357"}],"version-history":[{"count":0,"href":"https:\/\/diariodominicano.com\/index.php?rest_route=\/wp\/v2\/posts\/66357\/revisions"}],"wp:attachment":[{"href":"https:\/\/diariodominicano.com\/index.php?rest_route=%2Fwp%2Fv2%2Fmedia&parent=66357"}],"wp:term":[{"taxonomy":"category","embeddable":true,"href":"https:\/\/diariodominicano.com\/index.php?rest_route=%2Fwp%2Fv2%2Fcategories&post=66357"},{"taxonomy":"post_tag","embeddable":true,"href":"https:\/\/diariodominicano.com\/index.php?rest_route=%2Fwp%2Fv2%2Ftags&post=66357"}],"curies":[{"name":"wp","href":"https:\/\/api.w.org\/{rel}","templated":true}]}}