{"id":66354,"date":"2012-02-01T15:26:52","date_gmt":"2012-02-01T15:26:52","guid":{"rendered":"http:\/\/diariodominicano.ddns.net\/?p=66354"},"modified":"2012-02-01T15:26:52","modified_gmt":"2012-02-01T15:26:52","slug":"el-instituto-cervantes-abrira-dos-nuevos-aularios-en-el-sur-de-marruecos","status":"publish","type":"post","link":"https:\/\/diariodominicano.com\/?p=66354","title":{"rendered":"&#13;El Instituto Cervantes abrir\u00e1 dos nuevos aularios en el sur de Marruecos"},"content":{"rendered":"<p><body><\/p>\n<p><span class=\"text1noticias\">Rabat, 1 febrero.- El Instituto Cervantes inaugurar\u00e1 el pr\u00f3ximo 2 y 3 de febrero sendos aularios en Essauira y Agadir, respectivamente, para acompa\u00f1ar la demanda creciente de ense\u00f1anza de espa\u00f1ol en el sur de Marruecos, seg\u00fan fuentes de la embajada de Espa\u00f1a en Marruecos.<\/span><\/p>\n<\/p>\n<p><span class=\"text1noticias\">\u00abEspa\u00f1a pretende ir penetrando con mayor intensidad en la zona sur de Marruecos donde las conexiones culturales son importantes\u00bb inform\u00f3 a Efe el consejero de Cultura de la Embajada de Espa\u00f1a, Guillermo Escribano.<\/span><\/p>\n<\/p>\n<p><span class=\"text1noticias\">Escribano apunt\u00f3 que en Agadir hay un departamento de hisp\u00e1nicas con casi 30.000 estudiantes (el m\u00e1s importante de Marruecos), adem\u00e1s de la cercan\u00eda geogr\u00e1fica de esta ciudad a las Islas Canarias y la organizaci\u00f3n de abundantes manifestaciones culturales en la zona.<\/span><\/p>\n<\/p>\n<p><span class=\"text1noticias\">Las subsedes de Agadir y Essauira depender\u00e1n respectivamente de los centros de Casablanca y Marraquech.<\/span><\/p>\n<\/p>\n<p><span class=\"text1noticias\">El diplom\u00e1tico espa\u00f1ol se\u00f1al\u00f3 que la red marroqu\u00ed de los centros del Cervantes es la m\u00e1s importante despu\u00e9s de Brasil, con seis centros en Tetu\u00e1n, T\u00e1nger, Fez, Rabat, Casablanca y Marrakech y con seis antenas o aularios en Larache, Chefchauen, Nador y Mekn\u00e9s, que en conjunto atienden a un total de 17.000 alumnos.<\/span><\/p>\n<\/p>\n<p><span class=\"text1noticias\">Por su parte, la directora del Cervantes de Casablanca, Mar\u00eda Dolores L\u00f3pez, resalt\u00f3 la estrecha colaboraci\u00f3n de la C\u00e1mara de Comercio e Industria de Agadir y la Universidad Ibn Zohr con los centros de Cervantes de Agadir y Marraquech para la apertura de los dos aularios<\/span>.<\/p>\n<\/p>\n<\/p>\n<h6> 2012-02-01 15:26:52 <\/h6>\n<p><!--\n<link rel=\"stylesheet\" href=\"css\/bootstrap.min.css\">\n\n\n<ul class=\"pagination\">\n\t    \n\t\n\n<li >\n\t<a href='?page_no=18031'>Previous<\/a>\n\t<\/li>\n\n\n       \n    \n\n<li><a href='?page_no=1'>1<\/a><\/li>\n\n\n\n<li><a href='?page_no=2'>2<\/a><\/li>\n\n\n\n<li><a>...<\/a><\/li>\n\n\n\n<li><a href='?page_no=18030'>18030<\/a><\/li>\n\n\n\n<li><a href='?page_no=18031'>18031<\/a><\/li>\n\n\n\n<li class='active'><a>18032<\/a><\/li>\n\n\n\n<li><a href='?page_no=18033'>18033<\/a><\/li>\n\n\n\n<li><a href='?page_no=18034'>18034<\/a><\/li>\n\n\n\n<li><a>...<\/a><\/li>\n\n\n\n<li><a href='?page_no=22911'>22911<\/a><\/li>\n\n\n\n<li><a href='?page_no=22912'>22912<\/a><\/li>\n\n    \n\t\n\n<li >\n\t<a href='?page_no=18033'>Next<\/a>\n\t<\/li>\n\n\n    \n\n<li><a href='?page_no=22912'>Last &rsaquo;&rsaquo;<\/a><\/li>\n\n<\/ul>\n\n\n--><br \/>\n<\/body><\/p>\n","protected":false},"excerpt":{"rendered":"<p>Rabat, 1 febrero.- El Instituto Cervantes inaugurar\u00e1 el pr\u00f3ximo 2 y 3 de febrero sendos aularios en Essauira y Agadir, respectivamente, para acompa\u00f1ar la demanda creciente de ense\u00f1anza de espa\u00f1ol en el sur de Marruecos, seg\u00fan fuentes de la embajada de Espa\u00f1a en Marruecos. \u00abEspa\u00f1a pretende ir penetrando con mayor intensidad en la zona sur [&hellip;]<\/p>\n","protected":false},"author":3,"featured_media":0,"comment_status":"open","ping_status":"open","sticky":false,"template":"","format":"standard","meta":{"footnotes":""},"categories":[21],"tags":[],"class_list":["post-66354","post","type-post","status-publish","format-standard","hentry","category-cultura"],"_links":{"self":[{"href":"https:\/\/diariodominicano.com\/index.php?rest_route=\/wp\/v2\/posts\/66354","targetHints":{"allow":["GET"]}}],"collection":[{"href":"https:\/\/diariodominicano.com\/index.php?rest_route=\/wp\/v2\/posts"}],"about":[{"href":"https:\/\/diariodominicano.com\/index.php?rest_route=\/wp\/v2\/types\/post"}],"author":[{"embeddable":true,"href":"https:\/\/diariodominicano.com\/index.php?rest_route=\/wp\/v2\/users\/3"}],"replies":[{"embeddable":true,"href":"https:\/\/diariodominicano.com\/index.php?rest_route=%2Fwp%2Fv2%2Fcomments&post=66354"}],"version-history":[{"count":0,"href":"https:\/\/diariodominicano.com\/index.php?rest_route=\/wp\/v2\/posts\/66354\/revisions"}],"wp:attachment":[{"href":"https:\/\/diariodominicano.com\/index.php?rest_route=%2Fwp%2Fv2%2Fmedia&parent=66354"}],"wp:term":[{"taxonomy":"category","embeddable":true,"href":"https:\/\/diariodominicano.com\/index.php?rest_route=%2Fwp%2Fv2%2Fcategories&post=66354"},{"taxonomy":"post_tag","embeddable":true,"href":"https:\/\/diariodominicano.com\/index.php?rest_route=%2Fwp%2Fv2%2Ftags&post=66354"}],"curies":[{"name":"wp","href":"https:\/\/api.w.org\/{rel}","templated":true}]}}