{"id":663534,"date":"2026-02-03T03:35:10","date_gmt":"2026-02-03T07:35:10","guid":{"rendered":"https:\/\/diariodominicano.com\/?p=663534"},"modified":"2026-02-03T03:35:14","modified_gmt":"2026-02-03T07:35:14","slug":"primeros-ministros-de-canada-y-dinamarca-prometen-reforzar-seguridad-y-soberania-en-artico","status":"publish","type":"post","link":"https:\/\/diariodominicano.com\/?p=663534","title":{"rendered":"Primeros ministros de Canad\u00e1 y Dinamarca prometen reforzar seguridad y soberan\u00eda en \u00c1rtico"},"content":{"rendered":"\n<p><em>spanish.news.cn<\/em>|<em>&nbsp;2026-02-03 04:51:00<\/em>|<\/p>\n\n\n\n<p>OTTAWA, 2 feb (Xinhua) &#8212; El primer ministro de Canad\u00e1, Mark Carney, convers\u00f3 hoy por tel\u00e9fono con la primera ministra de Dinamarca, Mette Frederiksen, y durante la conversaci\u00f3n reafirmaron su compromiso con la seguridad y la soberan\u00eda nacional del \u00c1rtico.<\/p>\n\n\n\n<p>De acuerdo con un comunicado de la oficina de primer ministro canadiense emitido despu\u00e9s de la llamada, Carney y Frederiksen reafirmaron su apoyo a los principios fundamentales de soberan\u00eda e integridad territorial.<\/p>\n\n\n\n<p>Los dos l\u00edderes reiteraron adem\u00e1s que las decisiones sobre el futuro de Groenlandia corresponden \u00fanicamente a Groenlandia y Dinamarca.<\/p>\n\n\n\n<p>Tambi\u00e9n discutieron el trabajo actual para fortalecer la seguridad \u00e1rtica en Canad\u00e1, Dinamarca y en toda la regi\u00f3n, incluso a trav\u00e9s de la OTAN.<\/p>\n\n\n\n<p>Durante la conversaci\u00f3n, Carney deline\u00f3 la ambiciosa misi\u00f3n de Canad\u00e1 de aumentar las inversiones en la seguridad, el crecimiento econ\u00f3mico y la infraestructura del \u00c1rtico. Tambi\u00e9n mencion\u00f3 las oportunidades para profundizar la cooperaci\u00f3n con los ocho pa\u00edses n\u00f3rdicos y b\u00e1lticos (NB8) y otros socios en la regi\u00f3n.<\/p>\n\n\n\n<p><a href=\"https:\/\/www.facebook.com\/sharer\/sharer.php?u=https:\/\/spanish.xinhuanet.com\/20260203\/e70758ecc0f34064924ec9133e50ef0b\/c.html\" target=\"_blank\" rel=\"noreferrer noopener\"><\/a>&nbsp;<a href=\"https:\/\/twitter.com\/intent\/tweet?text=Primeros%20ministros%20de%20Canad%C3%A1%20y%20Dinamarca%20prometen%20reforzar%20seguridad%20y%20soberan%C3%ADa%20en%20%C3%81rtico&amp;url=https:\/\/spanish.xinhuanet.com\/20260203\/e70758ecc0f34064924ec9133e50ef0b\/c.html\" target=\"_blank\" rel=\"noreferrer noopener\"><\/a>&nbsp;<a target=\"_blank\" href=\"https:\/\/service.weibo.com\/share\/share.php?title=Primeros%20ministros%20de%20Canad%C3%A1%20y%20Dinamarca%20prometen%20reforzar%20seguridad%20y%20soberan%C3%ADa%20en%20%C3%81rtico&amp;url=https:\/\/spanish.xinhuanet.com\/20260203\/e70758ecc0f34064924ec9133e50ef0b\/c.html\" rel=\"noreferrer noopener\"><\/a>&nbsp;<a><\/a><\/p>\n\n\n\n<figure class=\"wp-block-image\"><img decoding=\"async\" src=\"https:\/\/imgs.news.cn\/res\/xhwimg\/spanish\/20170522\/img\/jc-xfa.png\" alt=\"\"\/><\/figure>\n\n\n\n<figure class=\"wp-block-table\"><table class=\"has-fixed-layout\"><tbody><tr><td><\/td><\/tr><\/tbody><\/table><\/figure>\n\n\n\n<figure class=\"wp-block-table\"><table class=\"has-fixed-layout\"><tbody><tr><td><\/td><\/tr><\/tbody><\/table><\/figure>\n","protected":false},"excerpt":{"rendered":"<p>spanish.news.cn|&nbsp;2026-02-03 04:51:00| OTTAWA, 2 feb (Xinhua) &#8212; El primer ministro de Canad\u00e1, Mark Carney, convers\u00f3 hoy por tel\u00e9fono con la primera ministra de Dinamarca, Mette Frederiksen, y durante la conversaci\u00f3n reafirmaron su compromiso con la seguridad y la soberan\u00eda nacional del \u00c1rtico. De acuerdo con un comunicado de la oficina de primer ministro canadiense emitido [&hellip;]<\/p>\n","protected":false},"author":28,"featured_media":0,"comment_status":"open","ping_status":"closed","sticky":false,"template":"","format":"standard","meta":{"footnotes":""},"categories":[23],"tags":[314,4052],"class_list":["post-663534","post","type-post","status-publish","format-standard","hentry","category-internacional","tag-canada","tag-dinamarca"],"_links":{"self":[{"href":"https:\/\/diariodominicano.com\/index.php?rest_route=\/wp\/v2\/posts\/663534","targetHints":{"allow":["GET"]}}],"collection":[{"href":"https:\/\/diariodominicano.com\/index.php?rest_route=\/wp\/v2\/posts"}],"about":[{"href":"https:\/\/diariodominicano.com\/index.php?rest_route=\/wp\/v2\/types\/post"}],"author":[{"embeddable":true,"href":"https:\/\/diariodominicano.com\/index.php?rest_route=\/wp\/v2\/users\/28"}],"replies":[{"embeddable":true,"href":"https:\/\/diariodominicano.com\/index.php?rest_route=%2Fwp%2Fv2%2Fcomments&post=663534"}],"version-history":[{"count":1,"href":"https:\/\/diariodominicano.com\/index.php?rest_route=\/wp\/v2\/posts\/663534\/revisions"}],"predecessor-version":[{"id":663535,"href":"https:\/\/diariodominicano.com\/index.php?rest_route=\/wp\/v2\/posts\/663534\/revisions\/663535"}],"wp:attachment":[{"href":"https:\/\/diariodominicano.com\/index.php?rest_route=%2Fwp%2Fv2%2Fmedia&parent=663534"}],"wp:term":[{"taxonomy":"category","embeddable":true,"href":"https:\/\/diariodominicano.com\/index.php?rest_route=%2Fwp%2Fv2%2Fcategories&post=663534"},{"taxonomy":"post_tag","embeddable":true,"href":"https:\/\/diariodominicano.com\/index.php?rest_route=%2Fwp%2Fv2%2Ftags&post=663534"}],"curies":[{"name":"wp","href":"https:\/\/api.w.org\/{rel}","templated":true}]}}