{"id":66352,"date":"2012-02-01T15:42:24","date_gmt":"2012-02-01T15:42:24","guid":{"rendered":"http:\/\/diariodominicano.ddns.net\/?p=66352"},"modified":"2012-02-01T15:42:24","modified_gmt":"2012-02-01T15:42:24","slug":"camilla-williams-ofrecio-dos-shows-en-el-pais-en-1949","status":"publish","type":"post","link":"https:\/\/diariodominicano.com\/?p=66352","title":{"rendered":"Camilla Williams ofreci\u00f3 dos shows en el pa\u00eds en 1949"},"content":{"rendered":"<p><body><\/p>\n<p><span class=\"text1noticias\">Santo Domingo, RD 1 febrero.- Eran tiempos de los movimientos por los derechos civiles en Estados Unidos y Rep\u00fablica Dominicana se sumerg\u00eda en la \u00faltima d\u00e9cada de la \u00abEra de Trujillo\u00bb cuando Camilla Williams actu\u00f3 en el pa\u00eds.<\/span><\/p>\n<\/p>\n<p><span class=\"text1noticias\">La legendaria cantante de \u00f3pera, quien muri\u00f3 el domingo en su casa en Bloomington, Indiana, es considerada la primera mujer de raza negra en presentarse con una de las \u00f3peras m\u00e1s importantes de Estados Unidos. Fue en su primera gira por el extranjero que la soprano lleg\u00f3, en 1949, al pa\u00eds para presentarse en el Teatro Col\u00f3n de Santiago, a beneficio de Proa Arte, y en el Teatro Olimpia de la capital. <\/span><\/p>\n<\/p>\n<p><span class=\"text1noticias\">La soprano falleci\u00f3 el pasado domingo por complicaciones de c\u00e1ncer a los 92 a\u00f1os, inform\u00f3 Alain Barker, vocero de la Escuela Jacobs de M\u00fasica de la Universidad de Indiana, donde Williams era profesora em\u00e9rita de canto.<\/span><\/p>\n<\/p>\n<p><span class=\"text1noticias\">Despu\u00e9s de tomar un breve descanso en una de las habitaciones del hotel Jaragua, la cantante de m\u00fasica cl\u00e1sica actu\u00f3 en el Teatro Olimpia el 7 de julio de 1949, en donde \u00abel p\u00fablico respondi\u00f3 al \u00e9xito de Camilla, quien emocionada, se vi\u00f3 precisada a cantar un n\u00famero fuera de programa\u00bb, de acuerdo a una rese\u00f1a period\u00edstica de la \u00e9poca de elCaribe, firmada por Papito Rivera.<\/span><\/p>\n<\/p>\n<p><span class=\"text1noticias\">El debut de Williams en la Opera de la Ciudad de Nueva York, el 15 de mayo de 1946, la colocaba como la primera mujer de raza negra en presentarse con una de las principales \u00f3peras estadounidenses y se realiz\u00f3 casi nueve a\u00f1os antes de que Marian Anderson se convirtiera en la primera cantante negra en la Opera Metropolitana de Nueva York.<\/span><\/p>\n<\/p>\n<p><span class=\"text1noticias\">Tambi\u00e9n actu\u00f3 como Cio-Cio-San con la Opera Sadler?s Wells de Londres en 1954 y ese mismo a\u00f1o fue la primera artista negra en interpretar un protag\u00f3nico con la Opera Estatal de Vienna.<\/span><\/p>\n<\/p>\n<p><span class=\"text1noticias\">Una vitalidad inigualable<\/span><\/p>\n<\/p>\n<p><span class=\"text1noticias\">En su primera actuaci\u00f3n con la Opera de la Ciudad, Williams interpret\u00f3 el personaje que la caracterizar\u00eda: Cio-Cio-San, el papel protag\u00f3nico de \u00abMadama Butterfly\u00bb de Puccini.<\/span><\/p>\n<\/p>\n<p><span class=\"text1noticias\">Ten\u00eda \u00abuna vitalidad y sutileza inigualada por otra artista que haya realizado el papel en todos estos a\u00f1os\u00bb, dec\u00eda la rese\u00f1a del New York Times sobre su papel.<\/span><\/p>\n<\/p>\n<p><span class=\"text1noticias\">Esa misma temporada actu\u00f3 con la Opera de la Ciudad como Nedda, otro protag\u00f3nico, en la \u00f3pera \u00abPagliacci\u00bb de Leoncavallo. Al a\u00f1o siguiente interpret\u00f3 a Mimi en \u00abLa Boheme\u00bb de Puccini y en 1948 fue la protagonista de la puesta en escena de \u00abAida\u00bb de Verdi.<\/span><\/p>\n<\/p>\n<p><span class=\"text1noticias\">La primera gira de Williams por el extranjero lleg\u00f3 en 1949 cuando se present\u00f3 en Panam\u00e1, Rep\u00fablica Dominicana y Venezuela. <\/span><\/p>\n<p><span class=\"text1noticias\">Williams naci\u00f3 en Danville, Virginia, el 18 de octubre de 1919, hija de un chofer y nieta de un cantante y l\u00edder de coro.<\/span><\/p>\n<\/p>\n<p><span class=\"text1noticias\">Sus primeros contactos con la \u00f3pera ocurrieron a los 12 a\u00f1os cuando tomaba clases de canto y era parte del coro de la iglesia Bautista el Calvario en Danville.<\/span><\/p>\n<\/p>\n<p><span class=\"text1noticias\">\u00abMis abuelos y mis padres eran m\u00fasicos autodidactas, todos cantaban y en nuestra casa siempre hab\u00eda m\u00fasica\u00bb, escribi\u00f3 en su colaboraci\u00f3n en la primera edici\u00f3n del libro de biograf\u00edas \u00abWho?s Who in the World\u00bb.<\/span><\/p>\n<\/p>\n<p><span class=\"text1noticias\">Era egresada de la Universidad Estatal de Virginia e integrante de la Asociaci\u00f3n Nacional para el Progreso de las Personas de Color. En 1963 cant\u00f3 en una marcha por los derechos civiles en Washington, D.C., justo antes de que el reverendo Martin Luther King Jr. diera su famoso discurso \u00abI have a dream\u00bb. <\/span><\/p>\n<\/p>\n<p><span class=\"text1noticias\">Al a\u00f1o siguiente cant\u00f3 en la ceremonia de entrega del Premio Nobel de la Paz para King. Williams se retir\u00f3 de la \u00f3pera en 1971 y fue profesora en el Colegio de Brooklyn, el Colegio de Bronx y el Colegio de Queens antes de convertirse en la primera profesora negra de canto en la Universidad de Indiana. <\/span><\/p>\n<\/p>\n<p><span class=\"text1noticias\">De igual forma fue la primera profesora negra en el Conservatorio Central de Beijing en la d\u00e9cada de 1980. Se jubil\u00f3 de la ense\u00f1anza en el a\u00f1o 1997.<\/span><\/p>\n<\/p>\n<p><span class=\"text1noticias\">Williams se cas\u00f3 con Charles Beavers en 1950, pero no tuvieron hijos. El esposo de la famosa cantante de \u00f3pera muri\u00f3 hace m\u00e1s de 40 a\u00f1os, en el a\u00f1o 1970.<\/span><\/p>\n<\/p>\n<p><span class=\"text1noticias\">Su llegada al pa\u00eds fue todo un acontecimiento<\/span><\/p>\n<\/p>\n<p><span class=\"text1noticias\">A su llegada al pa\u00eds, Camilla Williams fue recibida en el aeropuerto por numerosos admiradores y una delegaci\u00f3n compuesta por el poeta, dramaturgo y cr\u00edtico de arte Pedro Ren\u00e9 Cont\u00edn Aybar, el doctor Ciriaco Landolfi y Borislay Bazala, pianista de la cantante<\/span>.<\/p>\n<\/p>\n<h6> 2012-02-01 15:42:24 <\/h6>\n<p><!--\n<link rel=\"stylesheet\" href=\"css\/bootstrap.min.css\">\n\n\n<ul class=\"pagination\">\n\t    \n\t\n\n<li >\n\t<a href='?page_no=18029'>Previous<\/a>\n\t<\/li>\n\n\n       \n    \n\n<li><a href='?page_no=1'>1<\/a><\/li>\n\n\n\n<li><a href='?page_no=2'>2<\/a><\/li>\n\n\n\n<li><a>...<\/a><\/li>\n\n\n\n<li><a href='?page_no=18028'>18028<\/a><\/li>\n\n\n\n<li><a href='?page_no=18029'>18029<\/a><\/li>\n\n\n\n<li class='active'><a>18030<\/a><\/li>\n\n\n\n<li><a href='?page_no=18031'>18031<\/a><\/li>\n\n\n\n<li><a href='?page_no=18032'>18032<\/a><\/li>\n\n\n\n<li><a>...<\/a><\/li>\n\n\n\n<li><a href='?page_no=22911'>22911<\/a><\/li>\n\n\n\n<li><a href='?page_no=22912'>22912<\/a><\/li>\n\n    \n\t\n\n<li >\n\t<a href='?page_no=18031'>Next<\/a>\n\t<\/li>\n\n\n    \n\n<li><a href='?page_no=22912'>Last &rsaquo;&rsaquo;<\/a><\/li>\n\n<\/ul>\n\n\n--><br \/>\n<\/body><\/p>\n","protected":false},"excerpt":{"rendered":"<p>Santo Domingo, RD 1 febrero.- Eran tiempos de los movimientos por los derechos civiles en Estados Unidos y Rep\u00fablica Dominicana se sumerg\u00eda en la \u00faltima d\u00e9cada de la \u00abEra de Trujillo\u00bb cuando Camilla Williams actu\u00f3 en el pa\u00eds. La legendaria cantante de \u00f3pera, quien muri\u00f3 el domingo en su casa en Bloomington, Indiana, es considerada [&hellip;]<\/p>\n","protected":false},"author":3,"featured_media":0,"comment_status":"open","ping_status":"open","sticky":false,"template":"","format":"standard","meta":{"footnotes":""},"categories":[21],"tags":[],"class_list":["post-66352","post","type-post","status-publish","format-standard","hentry","category-cultura"],"_links":{"self":[{"href":"https:\/\/diariodominicano.com\/index.php?rest_route=\/wp\/v2\/posts\/66352","targetHints":{"allow":["GET"]}}],"collection":[{"href":"https:\/\/diariodominicano.com\/index.php?rest_route=\/wp\/v2\/posts"}],"about":[{"href":"https:\/\/diariodominicano.com\/index.php?rest_route=\/wp\/v2\/types\/post"}],"author":[{"embeddable":true,"href":"https:\/\/diariodominicano.com\/index.php?rest_route=\/wp\/v2\/users\/3"}],"replies":[{"embeddable":true,"href":"https:\/\/diariodominicano.com\/index.php?rest_route=%2Fwp%2Fv2%2Fcomments&post=66352"}],"version-history":[{"count":0,"href":"https:\/\/diariodominicano.com\/index.php?rest_route=\/wp\/v2\/posts\/66352\/revisions"}],"wp:attachment":[{"href":"https:\/\/diariodominicano.com\/index.php?rest_route=%2Fwp%2Fv2%2Fmedia&parent=66352"}],"wp:term":[{"taxonomy":"category","embeddable":true,"href":"https:\/\/diariodominicano.com\/index.php?rest_route=%2Fwp%2Fv2%2Fcategories&post=66352"},{"taxonomy":"post_tag","embeddable":true,"href":"https:\/\/diariodominicano.com\/index.php?rest_route=%2Fwp%2Fv2%2Ftags&post=66352"}],"curies":[{"name":"wp","href":"https:\/\/api.w.org\/{rel}","templated":true}]}}