{"id":66351,"date":"2012-02-01T16:30:37","date_gmt":"2012-02-01T16:30:37","guid":{"rendered":"http:\/\/diariodominicano.ddns.net\/?p=66351"},"modified":"2012-02-01T16:30:37","modified_gmt":"2012-02-01T16:30:37","slug":"cultura-celebro-noche-de-ofertas-literarias","status":"publish","type":"post","link":"https:\/\/diariodominicano.com\/?p=66351","title":{"rendered":"Cultura celebr\u00f3 noche de ofertas literarias"},"content":{"rendered":"<p><body><\/p>\n<p><img decoding=\"async\" src=\"img3\/Feria libros bajo costo.JPG\" \/><br \/><img decoding=\"async\" src=\"img3\/Expositores libros.JPG\" \/>  <\/p>\n<p><span class=\"text1noticias\">Santo Domingo, Rep Dominicana, 1 feb.-  Durante toda esa noche, en la Librer\u00eda de Cultura, se pudieron adquirir a precios incre\u00edblemente bajos la Colecci\u00f3n Premios Nacional, Provincias, Obras Completas de Max Henr\u00edquez Ure\u00f1a, obra po\u00e9tica Completa de Manuel del Cabral, y Los cuentos completos de Arturo Rodr\u00edguez Fern\u00e1ndez, entre otros.<\/span><\/p>\n<\/p>\n<p><span class=\"text1noticias\">Con el inter\u00e9s de acercar al p\u00fablico a un espacio dedicado al libro y para dar formal inicio al Ciclo Preinaugural de la Feria Internacional del Libro Santo Domingo 2012, la Librer\u00eda de Cultura efectu\u00f3 la \u00abNoche Brava del Libro\u00bb, en su sede de la calle Las Atarazanas n\u00famero 2, en la Ciudad Colonial. <\/span><\/p>\n<\/p>\n<p><span class=\"text1noticias\">Durante esa noche, se ofrecieron a todos los asistentes ofertas \u00fanicas en libros, que fueron desde un 50%  hasta 70% de descuento, y combos de libros por cien pesos. <\/span><\/p>\n<\/p>\n<p><span class=\"text1noticias\">La conducci\u00f3n del evento fue realizada por el escritor y Director de la Feria Internacional del Libro, Alejandro Arvelo y Valent\u00edn Amaro.<\/span><\/p>\n<\/p>\n<p><span class=\"text1noticias\">Los visitantes pudieron disfrutar de la lectura de los poetas Alfonso Qui\u00f1ones, Valentin Amaro, Raiza White, Mateo Morrison, Federico Jovine Berm\u00fadez, Basilio Belliard, Juan Freddy Armando, F\u00e9lix Villalona, entre otros. <\/span><\/p>\n<\/p>\n<p><span class=\"text1noticias\">Este nuevo espacio cultural desarrollo un interesante programa donde, adem\u00e1s de ofertas literarias y recitales de poes\u00eda; los asistentes disfrutaron de la interpretaci\u00f3n musical de Waldo Rinc\u00f3n, y la presentaci\u00f3n de Poetbeats, con Alex\u00e9i Teller\u00edas, Ricardo Cabrera y Manuel de Jes\u00fas D\u00edaz. <\/span><\/p>\n<\/p>\n<p><span class=\"text1noticias\">La Segunda Noche Brava ser\u00e1 el pr\u00f3ximo 29 de febrero, y presentar\u00e1 nuevas y atractivas ofertas literarias<\/span>.<\/p>\n<\/p>\n<\/p>\n<\/p>\n<p>Informaci\u00f3n ofrecida por la<\/p>\n<p>Direcci\u00f3n General de Comunicaci\u00f3n y Audiovisuales<\/p>\n<p>Ministerio de Cultura<\/p>\n<p>Contacto: Elisa Amparo<\/p>\n<p>809 221-4141 Ext. 236 y 272<\/p>\n<\/p>\n<p>Pie de foto:<\/p>\n<p>1- Algunas de las Ofertas editoriales de la noche.<\/p>\n<p>2- Participaci\u00f3n de PoetBeats.<\/p>\n<\/p>\n<\/p>\n<\/p>\n<h6> 2012-02-01 16:30:37 <\/h6>\n<p><!--\n<link rel=\"stylesheet\" href=\"css\/bootstrap.min.css\">\n\n\n<ul class=\"pagination\">\n\t    \n\t\n\n<li >\n\t<a href='?page_no=18028'>Previous<\/a>\n\t<\/li>\n\n\n       \n    \n\n<li><a href='?page_no=1'>1<\/a><\/li>\n\n\n\n<li><a href='?page_no=2'>2<\/a><\/li>\n\n\n\n<li><a>...<\/a><\/li>\n\n\n\n<li><a href='?page_no=18027'>18027<\/a><\/li>\n\n\n\n<li><a href='?page_no=18028'>18028<\/a><\/li>\n\n\n\n<li class='active'><a>18029<\/a><\/li>\n\n\n\n<li><a href='?page_no=18030'>18030<\/a><\/li>\n\n\n\n<li><a href='?page_no=18031'>18031<\/a><\/li>\n\n\n\n<li><a>...<\/a><\/li>\n\n\n\n<li><a href='?page_no=22911'>22911<\/a><\/li>\n\n\n\n<li><a href='?page_no=22912'>22912<\/a><\/li>\n\n    \n\t\n\n<li >\n\t<a href='?page_no=18030'>Next<\/a>\n\t<\/li>\n\n\n    \n\n<li><a href='?page_no=22912'>Last &rsaquo;&rsaquo;<\/a><\/li>\n\n<\/ul>\n\n\n--><br \/>\n<\/body><\/p>\n","protected":false},"excerpt":{"rendered":"<p>Santo Domingo, Rep Dominicana, 1 feb.- Durante toda esa noche, en la Librer\u00eda de Cultura, se pudieron adquirir a precios incre\u00edblemente bajos la Colecci\u00f3n Premios Nacional, Provincias, Obras Completas de Max Henr\u00edquez Ure\u00f1a, obra po\u00e9tica Completa de Manuel del Cabral, y Los cuentos completos de Arturo Rodr\u00edguez Fern\u00e1ndez, entre otros. Con el inter\u00e9s de acercar [&hellip;]<\/p>\n","protected":false},"author":3,"featured_media":0,"comment_status":"open","ping_status":"open","sticky":false,"template":"","format":"standard","meta":{"footnotes":""},"categories":[21],"tags":[],"class_list":["post-66351","post","type-post","status-publish","format-standard","hentry","category-cultura"],"_links":{"self":[{"href":"https:\/\/diariodominicano.com\/index.php?rest_route=\/wp\/v2\/posts\/66351","targetHints":{"allow":["GET"]}}],"collection":[{"href":"https:\/\/diariodominicano.com\/index.php?rest_route=\/wp\/v2\/posts"}],"about":[{"href":"https:\/\/diariodominicano.com\/index.php?rest_route=\/wp\/v2\/types\/post"}],"author":[{"embeddable":true,"href":"https:\/\/diariodominicano.com\/index.php?rest_route=\/wp\/v2\/users\/3"}],"replies":[{"embeddable":true,"href":"https:\/\/diariodominicano.com\/index.php?rest_route=%2Fwp%2Fv2%2Fcomments&post=66351"}],"version-history":[{"count":0,"href":"https:\/\/diariodominicano.com\/index.php?rest_route=\/wp\/v2\/posts\/66351\/revisions"}],"wp:attachment":[{"href":"https:\/\/diariodominicano.com\/index.php?rest_route=%2Fwp%2Fv2%2Fmedia&parent=66351"}],"wp:term":[{"taxonomy":"category","embeddable":true,"href":"https:\/\/diariodominicano.com\/index.php?rest_route=%2Fwp%2Fv2%2Fcategories&post=66351"},{"taxonomy":"post_tag","embeddable":true,"href":"https:\/\/diariodominicano.com\/index.php?rest_route=%2Fwp%2Fv2%2Ftags&post=66351"}],"curies":[{"name":"wp","href":"https:\/\/api.w.org\/{rel}","templated":true}]}}