{"id":66350,"date":"2012-02-01T16:38:18","date_gmt":"2012-02-01T16:38:18","guid":{"rendered":"http:\/\/diariodominicano.ddns.net\/?p=66350"},"modified":"2012-02-01T16:38:18","modified_gmt":"2012-02-01T16:38:18","slug":"el-certamen-es-un-estimulo-a-la-creacion-y-difusion-literaria-de-la-region-norte-del-pais","status":"publish","type":"post","link":"https:\/\/diariodominicano.com\/?p=66350","title":{"rendered":"El certamen es un est\u00edmulo a la creaci\u00f3n y difusi\u00f3n literaria de la regi\u00f3n norte del pa\u00eds"},"content":{"rendered":"<p><body><\/p>\n<p><img decoding=\"async\" src=\"img3\/Ganador premio literatura.JPG\" \/><br \/><img decoding=\"async\" src=\"img3\/Ganadores premio literatura.JPG\" \/>  <\/p>\n<p><span class=\"text1noticias\">Santo Domingo, Rep Dominicana, 1 feb.-  El Ministerio de Cultura (MINC), a trav\u00e9s de su Viceministerio de Cultura para la Regi\u00f3n Norte, hizo entrega de la primera edici\u00f3n de los Premios Regionales de Literatura, correspondientes a obras del a\u00f1o 2011, en el Gran Teatro del Cibao.<\/span><\/p>\n<\/p>\n<p><span class=\"text1noticias\">El acto estuvo presidido por el Ministro de Cultura, Jos\u00e9 Rafael Lantigua, acompa\u00f1ado del Arzobispo de la Arquidi\u00f3cesis de Santiago de los Caballeros, Mons. Ram\u00f3n Benito de la Rosa y Carpio; Enegildo Pe\u00f1a, Viceministro de Cultura para la Regi\u00f3n Norte; Alexander Santana, Viceministro Administrativo y Basilio Belliard, Director de Gesti\u00f3n Literaria del MINC.<\/span><\/p>\n<\/p>\n<p><span class=\"text1noticias\">Lantigua expres\u00f3, durante el discurso central, que con la primera edici\u00f3n de este certamen \u00abacabamos de dar otro gran paso hacia la celebraci\u00f3n de la literatura como fuente de desarrollo y hacia la valoraci\u00f3n de los grandes talentos literarios de la Regi\u00f3n Norte\u00bb. <\/span><\/p>\n<\/p>\n<p><span class=\"text1noticias\">Durante su intervenci\u00f3n, el arzobispo de la Arquidi\u00f3cesis de Santiago, Monse\u00f1or Benito de la Rosa y Carpio, dijo que estos premios son \u00abla celebraci\u00f3n de la palabra, de los valores literarios, de la creatividad y al fruto del trabajo\u00bb.<\/span><\/p>\n<p><span class=\"text1noticias\"> <\/span><\/p>\n<p><span class=\"text1noticias\">Los galardonados recibieron 75 mil pesos y un pergamino de honor. Adem\u00e1s, las obras ganadoras ser\u00e1n publicadas en el mes de abril, dentro de la celebraci\u00f3n de la XV Feria Internacional del Libro, Santo Domingo 2012.<\/span><\/p>\n<\/p>\n<p><span class=\"text1noticias\">Los ganadores, dentro las siete categor\u00edas, fueron: Roberto Miguel Esca\u00f1o, en poes\u00eda; Ignacio Mu\u00f1iz Pat\u00edn, en cuento; Rafael P. Rodr\u00edguez, ensayo; Rafael Dar\u00edo Herrera Rodr\u00edguez, historia y Arsenio D\u00edaz, en literatura infantil. Las categor\u00edas de novela y teatro fueron declaradas desiertas.<\/span><\/p>\n<\/p>\n<p><span class=\"text1noticias\">El acto finaliz\u00f3 con las palabras de Roberto Miguel Esca\u00f1o,  ganador en la categor\u00eda poes\u00eda, quien sostuvo que la entrega de estos premios, que convoca las 14 provincias de la Regi\u00f3n Norte, \u00abconstituye un estimulo, un aporte valioso al desarrollo de la literatura dominicana y tambi\u00e9n al desarrollo de los valores del esp\u00edritu en nuestra regi\u00f3n\u00bb. Agradeci\u00f3, en nombre de los galardonados, al Ministerio de Cultura y a la Arquidi\u00f3cesis de Santiago por su trabajo y empe\u00f1o para la realizaci\u00f3n del concurso en beneficio de toda la cultura dominicana.<\/span><\/p>\n<\/p>\n<p><span class=\"text1noticias\">Este concurso, celebrado con el respaldo de la Arquidi\u00f3cesis de Santiago, busca fomentar e incentivar la pr\u00e1ctica literaria en las provincias del Cibao, as\u00ed como la difusi\u00f3n de sus  obras.<\/span><\/p>\n<\/p>\n<p><span class=\"text1noticias\">Sobre los premios<\/span><\/p>\n<\/p>\n<p><span class=\"text1noticias\">El poemario \u00abCanci\u00f3n de barro\u00bb, del mocano Roberto Miguel Esca\u00f1o, recibi\u00f3 el Premio Manuel del Cabral;  mientras que el Premio Virgilio D\u00edaz Grull\u00f3n, lo obtuvo Mois\u00e9s Ignacio Mu\u00f1iz Pat\u00edn, de Sos\u00faa, con el cuento \u00abCuentos mundanos urbanos\u00bb.<\/span><\/p>\n<\/p>\n<p><span class=\"text1noticias\">De la ciudad coraz\u00f3n, Santiago de los Caballeros, Rafael P. Rodr\u00edguez gan\u00f3 en la categor\u00eda ensayo, Premio Pedro Francisco Bon\u00f3, con la obra \u00abEn el v\u00e9rtigo de las palabras\u00bb; mientras que el Premio Ram\u00f3n Emilio Jim\u00e9nez, de Literatura Infantil, fue concedido a la obra  \u00abSue\u00f1os de la inocencia\u00bb, de Arsenio D\u00edaz, de Puerto Plata. <\/span><\/p>\n<\/p>\n<p><span class=\"text1noticias\">La obra \u00abHistoria de la Educaci\u00f3n en Santiago 1844-1961\u00bb, de Rafael Dar\u00edo Herrera Rodr\u00edguez, de la ciudad de Mao, gan\u00f3 en la categor\u00eda de Historia, Premio Antonio del Monte y  Tejada, en la cual fueron jurados Franklin J. Franco, Adriano Miguel Tejada y Edwin Espinal. <\/span><\/p>\n<\/p>\n<p><span class=\"text1noticias\">El jurado, en las distintas categor\u00edas, estuvo compuesto por Pedro Jos\u00e9 Gris, Soledad \u00c1lvarez, Plinio Chah\u00edn, \u00c1ngela Hern\u00e1ndez, Rafael Garc\u00eda Romero, Bruno Rosario Candelier, Manuel Garc\u00eda Cartagena, Pedro Antonio Valdez, e Iv\u00e1n Garc\u00eda Guerra, entre otras figuras de literatura nacional<\/span>.<\/p>\n<\/p>\n<h6> 2012-02-01 16:38:18 <\/h6>\n<p><!--\n<link rel=\"stylesheet\" href=\"css\/bootstrap.min.css\">\n\n\n<ul class=\"pagination\">\n\t    \n\t\n\n<li >\n\t<a href='?page_no=18027'>Previous<\/a>\n\t<\/li>\n\n\n       \n    \n\n<li><a href='?page_no=1'>1<\/a><\/li>\n\n\n\n<li><a href='?page_no=2'>2<\/a><\/li>\n\n\n\n<li><a>...<\/a><\/li>\n\n\n\n<li><a href='?page_no=18026'>18026<\/a><\/li>\n\n\n\n<li><a href='?page_no=18027'>18027<\/a><\/li>\n\n\n\n<li class='active'><a>18028<\/a><\/li>\n\n\n\n<li><a href='?page_no=18029'>18029<\/a><\/li>\n\n\n\n<li><a href='?page_no=18030'>18030<\/a><\/li>\n\n\n\n<li><a>...<\/a><\/li>\n\n\n\n<li><a href='?page_no=22911'>22911<\/a><\/li>\n\n\n\n<li><a href='?page_no=22912'>22912<\/a><\/li>\n\n    \n\t\n\n<li >\n\t<a href='?page_no=18029'>Next<\/a>\n\t<\/li>\n\n\n    \n\n<li><a href='?page_no=22912'>Last &rsaquo;&rsaquo;<\/a><\/li>\n\n<\/ul>\n\n\n--><br \/>\n<\/body><\/p>\n","protected":false},"excerpt":{"rendered":"<p>Santo Domingo, Rep Dominicana, 1 feb.- El Ministerio de Cultura (MINC), a trav\u00e9s de su Viceministerio de Cultura para la Regi\u00f3n Norte, hizo entrega de la primera edici\u00f3n de los Premios Regionales de Literatura, correspondientes a obras del a\u00f1o 2011, en el Gran Teatro del Cibao. El acto estuvo presidido por el Ministro de Cultura, [&hellip;]<\/p>\n","protected":false},"author":3,"featured_media":0,"comment_status":"open","ping_status":"open","sticky":false,"template":"","format":"standard","meta":{"footnotes":""},"categories":[21],"tags":[],"class_list":["post-66350","post","type-post","status-publish","format-standard","hentry","category-cultura"],"_links":{"self":[{"href":"https:\/\/diariodominicano.com\/index.php?rest_route=\/wp\/v2\/posts\/66350","targetHints":{"allow":["GET"]}}],"collection":[{"href":"https:\/\/diariodominicano.com\/index.php?rest_route=\/wp\/v2\/posts"}],"about":[{"href":"https:\/\/diariodominicano.com\/index.php?rest_route=\/wp\/v2\/types\/post"}],"author":[{"embeddable":true,"href":"https:\/\/diariodominicano.com\/index.php?rest_route=\/wp\/v2\/users\/3"}],"replies":[{"embeddable":true,"href":"https:\/\/diariodominicano.com\/index.php?rest_route=%2Fwp%2Fv2%2Fcomments&post=66350"}],"version-history":[{"count":0,"href":"https:\/\/diariodominicano.com\/index.php?rest_route=\/wp\/v2\/posts\/66350\/revisions"}],"wp:attachment":[{"href":"https:\/\/diariodominicano.com\/index.php?rest_route=%2Fwp%2Fv2%2Fmedia&parent=66350"}],"wp:term":[{"taxonomy":"category","embeddable":true,"href":"https:\/\/diariodominicano.com\/index.php?rest_route=%2Fwp%2Fv2%2Fcategories&post=66350"},{"taxonomy":"post_tag","embeddable":true,"href":"https:\/\/diariodominicano.com\/index.php?rest_route=%2Fwp%2Fv2%2Ftags&post=66350"}],"curies":[{"name":"wp","href":"https:\/\/api.w.org\/{rel}","templated":true}]}}