{"id":66349,"date":"2012-02-01T17:03:56","date_gmt":"2012-02-01T17:03:56","guid":{"rendered":"http:\/\/diariodominicano.ddns.net\/?p=66349"},"modified":"2012-02-01T17:03:56","modified_gmt":"2012-02-01T17:03:56","slug":"de-plagio-nada-responde-escritor-espanol-a-escritor-cubano","status":"publish","type":"post","link":"https:\/\/diariodominicano.com\/?p=66349","title":{"rendered":"&#13;?De plagio nada?, responde escritor espa\u00f1ol a escritor cubano"},"content":{"rendered":"<p><body><\/p>\n<p><span class=\"text1noticias\">Miami, Florida, 1 febrero.- \u00abDe plagio nada de nada, sino una coincidencia con el t\u00edtulo que advert\u00ed cuando la m\u00eda estaba en la calle, es un asunto desagradable pero son cosas que pasan\u00bb, escribi\u00f3 Mu\u00f1oz a El Nuevo Herald v\u00eda e-mail, indicando que nunca coincidi\u00f3 en La Habana con Travieso porque estuvo all\u00ed hace muchos a\u00f1os en viaje tur\u00edstico, no cultural.<\/span><\/p>\n<\/p>\n<p><span class=\"text1noticias\">Seg\u00fan una nota de Efe, publicada el lunes en este peri\u00f3dico, Travieso, escritor y profesor universitario de 72 a\u00f1os retirado, indic\u00f3 que adem\u00e1s del t\u00edtulo, la novela de Mu\u00f1oz tiene una tem\u00e1tica parecida a la suya y \u00abm\u00faltiples\u00bb similitudes de contenido. Ambas novelas transcurren en La Habana de los a\u00f1os 1990, con el Per\u00edodo Especial como trasfondo.<\/span><\/p>\n<\/p>\n<p><span class=\"text1noticias\">\u00abSi en mi novela hay dos jineteras, personajes principales, en la que ha presentado Mu\u00f1oz tambi\u00e9n hay dos. Si en mi novela, La Habana y su entorno en los a\u00f1os 90 son parte intr\u00ednseca de la obra, en Mu\u00f1oz tambi\u00e9n. Tal coincidencia de un tema y un per\u00edodo tan puntual es muy sospechosa\u00bb, dijo Travieso en un escrito remitido a Efe.<\/span><\/p>\n<\/p>\n<p><span class=\"text1noticias\">Por su parte, Mu\u00f1oz, de 60 a\u00f1os, reconocido autor de novelas polic\u00edacas y uno de los fundadores de la Semana de la Novela Negra en Gij\u00f3n, se\u00f1al\u00f3 el lunes en una respuesta p\u00fablica a Travieso, que titul\u00f3 Caen chuzos de punta sobre La Habana, que \u00abacusar a un escritor de plagiario es un asunto grave, es como tildar a un juez de prevaricador\u00bb.<\/span><\/p>\n<\/p>\n<p><span class=\"text1noticias\">\u00abLa vida de la literatura est\u00e1 llena de pleitos y lances de este tipo, pero no creo que esta publicidad indeseada sobre esas dos novelas que transcurren en La Habana y escritas a uno y otro lado del oc\u00e9ano les sea favorable sino todo lo contrario\u00bb, escribi\u00f3 Mu\u00f1oz en su alegato, enviado a este diario y a los medios de prensa en Espa\u00f1a.<\/span><\/p>\n<\/p>\n<p><span class=\"text1noticias\">Sobre el t\u00edtulo de Llueve sobre La Habana, que Mu\u00f1oz present\u00f3 en noviembre en la Feria Internacional del Libro de Miami, explic\u00f3 que \u00e9ste le vino a la mente cuando vio una foto en blanco y negro publicada en El Pa\u00eds Semanal en la que un joven negro y su pareja iban en moto por una calle habanera bajo la lluvia<\/span>.<\/p>\n<\/p>\n<h6> 2012-02-01 17:03:56 <\/h6>\n<p><!--\n<link rel=\"stylesheet\" href=\"css\/bootstrap.min.css\">\n\n\n<ul class=\"pagination\">\n\t    \n\t\n\n<li >\n\t<a href='?page_no=18026'>Previous<\/a>\n\t<\/li>\n\n\n       \n    \n\n<li><a href='?page_no=1'>1<\/a><\/li>\n\n\n\n<li><a href='?page_no=2'>2<\/a><\/li>\n\n\n\n<li><a>...<\/a><\/li>\n\n\n\n<li><a href='?page_no=18025'>18025<\/a><\/li>\n\n\n\n<li><a href='?page_no=18026'>18026<\/a><\/li>\n\n\n\n<li class='active'><a>18027<\/a><\/li>\n\n\n\n<li><a href='?page_no=18028'>18028<\/a><\/li>\n\n\n\n<li><a href='?page_no=18029'>18029<\/a><\/li>\n\n\n\n<li><a>...<\/a><\/li>\n\n\n\n<li><a href='?page_no=22911'>22911<\/a><\/li>\n\n\n\n<li><a href='?page_no=22912'>22912<\/a><\/li>\n\n    \n\t\n\n<li >\n\t<a href='?page_no=18028'>Next<\/a>\n\t<\/li>\n\n\n    \n\n<li><a href='?page_no=22912'>Last &rsaquo;&rsaquo;<\/a><\/li>\n\n<\/ul>\n\n\n--><br \/>\n<\/body><\/p>\n","protected":false},"excerpt":{"rendered":"<p>Miami, Florida, 1 febrero.- \u00abDe plagio nada de nada, sino una coincidencia con el t\u00edtulo que advert\u00ed cuando la m\u00eda estaba en la calle, es un asunto desagradable pero son cosas que pasan\u00bb, escribi\u00f3 Mu\u00f1oz a El Nuevo Herald v\u00eda e-mail, indicando que nunca coincidi\u00f3 en La Habana con Travieso porque estuvo all\u00ed hace muchos [&hellip;]<\/p>\n","protected":false},"author":3,"featured_media":0,"comment_status":"open","ping_status":"open","sticky":false,"template":"","format":"standard","meta":{"footnotes":""},"categories":[21],"tags":[],"class_list":["post-66349","post","type-post","status-publish","format-standard","hentry","category-cultura"],"_links":{"self":[{"href":"https:\/\/diariodominicano.com\/index.php?rest_route=\/wp\/v2\/posts\/66349","targetHints":{"allow":["GET"]}}],"collection":[{"href":"https:\/\/diariodominicano.com\/index.php?rest_route=\/wp\/v2\/posts"}],"about":[{"href":"https:\/\/diariodominicano.com\/index.php?rest_route=\/wp\/v2\/types\/post"}],"author":[{"embeddable":true,"href":"https:\/\/diariodominicano.com\/index.php?rest_route=\/wp\/v2\/users\/3"}],"replies":[{"embeddable":true,"href":"https:\/\/diariodominicano.com\/index.php?rest_route=%2Fwp%2Fv2%2Fcomments&post=66349"}],"version-history":[{"count":0,"href":"https:\/\/diariodominicano.com\/index.php?rest_route=\/wp\/v2\/posts\/66349\/revisions"}],"wp:attachment":[{"href":"https:\/\/diariodominicano.com\/index.php?rest_route=%2Fwp%2Fv2%2Fmedia&parent=66349"}],"wp:term":[{"taxonomy":"category","embeddable":true,"href":"https:\/\/diariodominicano.com\/index.php?rest_route=%2Fwp%2Fv2%2Fcategories&post=66349"},{"taxonomy":"post_tag","embeddable":true,"href":"https:\/\/diariodominicano.com\/index.php?rest_route=%2Fwp%2Fv2%2Ftags&post=66349"}],"curies":[{"name":"wp","href":"https:\/\/api.w.org\/{rel}","templated":true}]}}