{"id":66347,"date":"2012-02-01T20:59:58","date_gmt":"2012-02-01T20:59:58","guid":{"rendered":"http:\/\/diariodominicano.ddns.net\/?p=66347"},"modified":"2012-02-01T20:59:58","modified_gmt":"2012-02-01T20:59:58","slug":"xv-feria-internacional-del-libro-santo-domingo-2012-con-novedades-para-los-periodistas","status":"publish","type":"post","link":"https:\/\/diariodominicano.com\/?p=66347","title":{"rendered":"XV Feria  Internacional del Libro Santo Domingo 2012 con novedades para los periodistas"},"content":{"rendered":"<p><body><\/p>\n<p><img decoding=\"async\" src=\"img3\/cultura.jpg\" \/>  <\/p>\n<p><span class=\"text1noticias\">SANTO DOMINGO, 01 Feb 2012.-El Ministerio de Cultura y la Direcci\u00f3n General de la Feria del Libro  realizar\u00e1n el concurso \u00abPremio de Periodismo Joven Feria del Libro 2012\u00bb, para estimular a los periodistas sobre diversos aspectos de inter\u00e9s general y ampliar su acervo cultural.<\/span><\/p>\n<\/p>\n<p><span class=\"text1noticias\">Este nuevo proyecto forma parte de las novedades que introduce la cartera cultural  en la XV edici\u00f3n de la Feria Internacional del Libro de Santo Domingo. El certamen tendr\u00e1 5 renglones: Libros y literatura, Cultural general, Temas de contenido social, Medioambiente y Deportes.<\/span><\/p>\n<\/p>\n<p><span class=\"text1noticias\">Seg\u00fan las bases del concurso, podr\u00e1n participar todos los periodistas por debajo de los  35 a\u00f1os, residentes en el pa\u00eds o fuera de la Rep\u00fablica Dominicana. Los trabajos  a concursar podr\u00e1n tener cualquier forma, longitud, formato y estilo, de acuerdo al rengl\u00f3n en el cual participen.<\/span><\/p>\n<\/p>\n<p><span class=\"text1noticias\">Los trabajos period\u00edsticos participantes, al momento de ser depositados, deben haber sido publicados en peri\u00f3dicos, revistas o medios digitales en fechas comprendidas entre el 1ro de enero del 2011 y el 15 de abril del 2012.<\/span><\/p>\n<\/p>\n<p><span class=\"text1noticias\">Los participantes deber\u00e1n presentar una carpeta y tres copias, con cinco fotocopias o impresiones digitales de los trabajos period\u00edsticos en el rengl\u00f3n seleccionado. Cada trabajo deber\u00e1 indicar la fecha y el medio en el que fue publicado.<\/span><\/p>\n<\/p>\n<p><span class=\"text1noticias\">Seg\u00fan las disposiciones del certamen, el periodista solo podr\u00e1 participar en dos renglones a la vez. En cada carpeta se deber\u00e1 incluir los datos y contactos del participante, al igual que se debe especificar el rengl\u00f3n en el que participa.<\/span><\/p>\n<\/p>\n<p><span class=\"text1noticias\">La fecha l\u00edmite de inscripci\u00f3n es el 17 de abril, a las 11:59 p.m. El jurado estar\u00e1 integrado por tres especialistas  en el \u00e1rea y su decisi\u00f3n ser\u00e1 inapelable. Cada uno de los renglones tendr\u00e1 un premio de 25 mil pesos y diploma, y el jurado se reservar\u00e1 el derecho de otorgar menciones honor\u00edficas, que ser\u00e1n premiadas con libros y diplomas.<\/span><\/p>\n<\/p>\n<p><span class=\"text1noticias\">El veredicto final ser\u00e1 dado a conocer el s\u00e1bado 5 de mayo en el pabell\u00f3n Espacio Joven de la Feria del Libro, a las 6:00 p.m.<\/span><\/p>\n<\/p>\n<h6> 2012-02-01 20:59:58 <\/h6>\n<p><!--\n<link rel=\"stylesheet\" href=\"css\/bootstrap.min.css\">\n\n\n<ul class=\"pagination\">\n\t    \n\t\n\n<li >\n\t<a href='?page_no=18024'>Previous<\/a>\n\t<\/li>\n\n\n       \n    \n\n<li><a href='?page_no=1'>1<\/a><\/li>\n\n\n\n<li><a href='?page_no=2'>2<\/a><\/li>\n\n\n\n<li><a>...<\/a><\/li>\n\n\n\n<li><a href='?page_no=18023'>18023<\/a><\/li>\n\n\n\n<li><a href='?page_no=18024'>18024<\/a><\/li>\n\n\n\n<li class='active'><a>18025<\/a><\/li>\n\n\n\n<li><a href='?page_no=18026'>18026<\/a><\/li>\n\n\n\n<li><a href='?page_no=18027'>18027<\/a><\/li>\n\n\n\n<li><a>...<\/a><\/li>\n\n\n\n<li><a href='?page_no=22911'>22911<\/a><\/li>\n\n\n\n<li><a href='?page_no=22912'>22912<\/a><\/li>\n\n    \n\t\n\n<li >\n\t<a href='?page_no=18026'>Next<\/a>\n\t<\/li>\n\n\n    \n\n<li><a href='?page_no=22912'>Last &rsaquo;&rsaquo;<\/a><\/li>\n\n<\/ul>\n\n\n--><br \/>\n<\/body><\/p>\n","protected":false},"excerpt":{"rendered":"<p>SANTO DOMINGO, 01 Feb 2012.-El Ministerio de Cultura y la Direcci\u00f3n General de la Feria del Libro realizar\u00e1n el concurso \u00abPremio de Periodismo Joven Feria del Libro 2012\u00bb, para estimular a los periodistas sobre diversos aspectos de inter\u00e9s general y ampliar su acervo cultural. Este nuevo proyecto forma parte de las novedades que introduce la [&hellip;]<\/p>\n","protected":false},"author":3,"featured_media":0,"comment_status":"open","ping_status":"open","sticky":false,"template":"","format":"standard","meta":{"footnotes":""},"categories":[21],"tags":[],"class_list":["post-66347","post","type-post","status-publish","format-standard","hentry","category-cultura"],"_links":{"self":[{"href":"https:\/\/diariodominicano.com\/index.php?rest_route=\/wp\/v2\/posts\/66347","targetHints":{"allow":["GET"]}}],"collection":[{"href":"https:\/\/diariodominicano.com\/index.php?rest_route=\/wp\/v2\/posts"}],"about":[{"href":"https:\/\/diariodominicano.com\/index.php?rest_route=\/wp\/v2\/types\/post"}],"author":[{"embeddable":true,"href":"https:\/\/diariodominicano.com\/index.php?rest_route=\/wp\/v2\/users\/3"}],"replies":[{"embeddable":true,"href":"https:\/\/diariodominicano.com\/index.php?rest_route=%2Fwp%2Fv2%2Fcomments&post=66347"}],"version-history":[{"count":0,"href":"https:\/\/diariodominicano.com\/index.php?rest_route=\/wp\/v2\/posts\/66347\/revisions"}],"wp:attachment":[{"href":"https:\/\/diariodominicano.com\/index.php?rest_route=%2Fwp%2Fv2%2Fmedia&parent=66347"}],"wp:term":[{"taxonomy":"category","embeddable":true,"href":"https:\/\/diariodominicano.com\/index.php?rest_route=%2Fwp%2Fv2%2Fcategories&post=66347"},{"taxonomy":"post_tag","embeddable":true,"href":"https:\/\/diariodominicano.com\/index.php?rest_route=%2Fwp%2Fv2%2Ftags&post=66347"}],"curies":[{"name":"wp","href":"https:\/\/api.w.org\/{rel}","templated":true}]}}