{"id":66346,"date":"2012-02-01T21:42:13","date_gmt":"2012-02-01T21:42:13","guid":{"rendered":"http:\/\/diariodominicano.ddns.net\/?p=66346"},"modified":"2012-02-01T21:42:13","modified_gmt":"2012-02-01T21:42:13","slug":"atribuyen-a-la-falta-de-preparacion-de-los-maestros-que-los-estudiantes-desconozcan-quien-fue-duarte","status":"publish","type":"post","link":"https:\/\/diariodominicano.com\/?p=66346","title":{"rendered":"Atribuyen a la falta de preparaci\u00f3n de los maestros, que los estudiantes desconozcan quien fue Duarte"},"content":{"rendered":"<p><body><\/p>\n<p><img decoding=\"async\" src=\"http:\/\/localhost:8080\/img3\/Pablo.JPG\" \/>  <\/p>\n<p><span class=\"text1noticias\">TEUDDY A. SANCHEZ<\/span><\/p>\n<p><span class=\"text1noticias\">      <\/span><\/p>\n<p><span class=\"text1noticias\">Barahona, Rep.Dom, 1 de Febrero.- La falta de preparaci\u00f3n de los profesores, se refleja en los estudiantes, los cuales llegan al extremo de  desconocer  quien fue Juan Pablo Duarte y los dem\u00e1s Padres de la Patria.<\/span><\/p>\n<p><span class=\"text1noticias\"> <\/span><\/p>\n<p><span class=\"text1noticias\">Esa es la consideraci\u00f3n del profesor Pablo Betances dijo que en la actualidad no existe un maestro que quiera ayudar en las transformaciones integral de los estudiantes.<\/span><\/p>\n<p><span class=\"text1noticias\"> <\/span><\/p>\n<p><span class=\"text1noticias\">\u00abHay un problema muy serie con lo que es el curriculum docente y su aplicaci\u00f3n. La perseverancia, el uso de los recursos, los materiales y el tipo de maestros que tenemos en estos momentos\u00bb, expres\u00f3.<\/span><\/p>\n<p><span class=\"text1noticias\"> <\/span><\/p>\n<p><span class=\"text1noticias\">Dijo que el maestro de ahora no quiere ayudar a las transformaciones integrar de los estudiantes en las nuevas generaciones.<\/span><\/p>\n<p><span class=\"text1noticias\"> <\/span><\/p>\n<p><span class=\"text1noticias\">\u00abTenemos ahora un maestro mas pol\u00edtico que persiguen el inter\u00e9s econ\u00f3mico y quieren estar en las aulas por esos fines. Quieren ser protegidos por un sindicato, estar en la cooperativa y as\u00ed tenemos un maestro con esa formaci\u00f3n\u00bb, puntualiz\u00f3.<\/span><\/p>\n<p><span class=\"text1noticias\"> <\/span><\/p>\n<p><span class=\"text1noticias\">Indic\u00f3 que los profesores de ahora no est\u00e1n en ofrecerles a sus estudiantes las ra\u00edces y los valores de que es la Patria y quienes fueron los h\u00e9roes de la historia del pa\u00eds.<\/span><\/p>\n<p><span class=\"text1noticias\"> <\/span><\/p>\n<p><span class=\"text1noticias\">Betances indic\u00f3 que los maestros no les preocupan como es el comportamiento del estudiante desde su casa.<\/span><\/p>\n<p><span class=\"text1noticias\"> <\/span><\/p>\n<p><span class=\"text1noticias\">\u00abAhora que ahora el estudiantado va con aretes, peladas calientes, gelatinas, pintura extravagantes y la forma de vestir\u00bb, subray\u00f3.<\/span><\/p>\n<p><span class=\"text1noticias\"> <\/span><\/p>\n<p><span class=\"text1noticias\">Dijo que las direcciones de las escuelas tienen que luchar para que los estudiantes cambien ese estilo que tiene y exigir a los maestro un mayor rendimiento de su trabajo.<\/span><\/p>\n<p><span class=\"text1noticias\"> <\/span><\/p>\n<p><span class=\"text1noticias\">Indic\u00f3 que en las escuelas b\u00e1sicas es que se tiene que luchar para cambiarles esa mentalidad a los estudiantes que estar surgiendo y que son el futuro<\/span>.<\/p>\n<h6> 2012-02-01 21:42:13 <\/h6>\n<p><!--\n<link rel=\"stylesheet\" href=\"css\/bootstrap.min.css\">\n\n\n<ul class=\"pagination\">\n\t    \n\t\n\n<li >\n\t<a href='?page_no=18023'>Previous<\/a>\n\t<\/li>\n\n\n       \n    \n\n<li><a href='?page_no=1'>1<\/a><\/li>\n\n\n\n<li><a href='?page_no=2'>2<\/a><\/li>\n\n\n\n<li><a>...<\/a><\/li>\n\n\n\n<li><a href='?page_no=18022'>18022<\/a><\/li>\n\n\n\n<li><a href='?page_no=18023'>18023<\/a><\/li>\n\n\n\n<li class='active'><a>18024<\/a><\/li>\n\n\n\n<li><a href='?page_no=18025'>18025<\/a><\/li>\n\n\n\n<li><a href='?page_no=18026'>18026<\/a><\/li>\n\n\n\n<li><a>...<\/a><\/li>\n\n\n\n<li><a href='?page_no=22911'>22911<\/a><\/li>\n\n\n\n<li><a href='?page_no=22912'>22912<\/a><\/li>\n\n    \n\t\n\n<li >\n\t<a href='?page_no=18025'>Next<\/a>\n\t<\/li>\n\n\n    \n\n<li><a href='?page_no=22912'>Last &rsaquo;&rsaquo;<\/a><\/li>\n\n<\/ul>\n\n\n--><br \/>\n<\/body><\/p>\n","protected":false},"excerpt":{"rendered":"<p>TEUDDY A. SANCHEZ Barahona, Rep.Dom, 1 de Febrero.- La falta de preparaci\u00f3n de los profesores, se refleja en los estudiantes, los cuales llegan al extremo de desconocer quien fue Juan Pablo Duarte y los dem\u00e1s Padres de la Patria. Esa es la consideraci\u00f3n del profesor Pablo Betances dijo que en la actualidad no existe un [&hellip;]<\/p>\n","protected":false},"author":3,"featured_media":0,"comment_status":"open","ping_status":"open","sticky":false,"template":"","format":"standard","meta":{"footnotes":""},"categories":[21],"tags":[],"class_list":["post-66346","post","type-post","status-publish","format-standard","hentry","category-cultura"],"_links":{"self":[{"href":"https:\/\/diariodominicano.com\/index.php?rest_route=\/wp\/v2\/posts\/66346","targetHints":{"allow":["GET"]}}],"collection":[{"href":"https:\/\/diariodominicano.com\/index.php?rest_route=\/wp\/v2\/posts"}],"about":[{"href":"https:\/\/diariodominicano.com\/index.php?rest_route=\/wp\/v2\/types\/post"}],"author":[{"embeddable":true,"href":"https:\/\/diariodominicano.com\/index.php?rest_route=\/wp\/v2\/users\/3"}],"replies":[{"embeddable":true,"href":"https:\/\/diariodominicano.com\/index.php?rest_route=%2Fwp%2Fv2%2Fcomments&post=66346"}],"version-history":[{"count":0,"href":"https:\/\/diariodominicano.com\/index.php?rest_route=\/wp\/v2\/posts\/66346\/revisions"}],"wp:attachment":[{"href":"https:\/\/diariodominicano.com\/index.php?rest_route=%2Fwp%2Fv2%2Fmedia&parent=66346"}],"wp:term":[{"taxonomy":"category","embeddable":true,"href":"https:\/\/diariodominicano.com\/index.php?rest_route=%2Fwp%2Fv2%2Fcategories&post=66346"},{"taxonomy":"post_tag","embeddable":true,"href":"https:\/\/diariodominicano.com\/index.php?rest_route=%2Fwp%2Fv2%2Ftags&post=66346"}],"curies":[{"name":"wp","href":"https:\/\/api.w.org\/{rel}","templated":true}]}}