{"id":66345,"date":"2012-02-01T21:45:37","date_gmt":"2012-02-01T21:45:37","guid":{"rendered":"http:\/\/diariodominicano.ddns.net\/?p=66345"},"modified":"2012-02-01T21:45:37","modified_gmt":"2012-02-01T21:45:37","slug":"sergio-vargas-y-hanoi-sanchez-seran-coronados-rey-y-reina-del-carnaval-nacional","status":"publish","type":"post","link":"https:\/\/diariodominicano.com\/?p=66345","title":{"rendered":"Sergio Vargas y Hanoi S\u00e1nchez ser\u00e1n coronados Rey y Reina del Carnaval Nacional"},"content":{"rendered":"<p><body><\/p>\n<p><img decoding=\"async\" src=\"img3\/sergio.JPG\" \/>  <\/p>\n<p><span class=\"text1noticias\">Rep.Dom, 1 de Febrero.- El reconocido merenguero Sergio Vargas y la carnavalera Hanoi S\u00e1nchez han sido seleccionados como Rey y Reina del Desfile Nacional de Carnaval 2012. El anuncio fue hecho por el Ministro de Cultura, Jos\u00e9 Rafael Lantigua, en un encuentro con la prensa celebrado en los Jardines del Hotel El Embajador.<\/span><\/p>\n<\/p>\n<p><span class=\"text1noticias\">Acompa\u00f1aron al Ministro, la Gerente de Marca de la Cervecer\u00eda Nacional Dominicana, Marisol Mart\u00ednez; el Viceministro de Cultura, Alexander Santana, y Ram\u00f3n Lachapelle, Director General de Gesti\u00f3n Cultural y Carnaval.<\/span><\/p>\n<\/p>\n<p><span class=\"text1noticias\">Lantigua dijo que \u00abla amplia programaci\u00f3n de carnaval 2012, del Ministerio de Cultura, inici\u00f3 la primer semana de enero con la realizaci\u00f3n de la segunda edici\u00f3n del Reality Show Vive el Carnaval de Noche y de D\u00eda; este a\u00f1o con transmisi\u00f3n diaria y participaci\u00f3n nacional\u00bb.<\/span><\/p>\n<\/p>\n<p><span class=\"text1noticias\">Adem\u00e1s, anunci\u00f3 que el mi\u00e9rcoles 8 de febrero, en el Centro Cultural Narciso Gonz\u00e1lez, se celebrar\u00e1 el acto de Coronaci\u00f3n del Rey y la Reina del Carnaval.<\/span><\/p>\n<\/p>\n<p><span class=\"text1noticias\">\u00abEste a\u00f1o nos honramos en coronar como Rey a Sergio Vargas, artista de gran trayectoria, que ha sido merecedor de numerosos reconocimientos nacionales y ha impregnado, con su talento, de una nueva onda melodiosa y rom\u00e1ntica al merengue; nuestra Reina ser\u00e1 Hanoi S\u00e1nchez, reconocida carnavalera de San Juan de la Maguana, quien, en estos \u00faltimos a\u00f1os, ha tenido un desempe\u00f1o inigualable en el carnaval dominicano\u00bb, agreg\u00f3 Lantigua.<\/span><\/p>\n<\/p>\n<p><span class=\"text1noticias\">Inform\u00f3 tambi\u00e9n que, en ese acto, se entregar\u00e1 el importante Premio Felipe Abreu, m\u00e1xima presea del carnaval dominicano, a Manuel Ulises Bonelly, de Santiago de los Caballeros.<\/span><\/p>\n<\/p>\n<p><span class=\"text1noticias\">Finalmente, el domingo 4 de marzo se realizar\u00e1 el gran cierre con el Desfile Nacional de Carnaval, a partir de las 3 de la tarde, en el Malec\u00f3n.<\/span><\/p>\n<\/p>\n<p><span class=\"text1noticias\">Durante el desfile, se realizar\u00e1 un homenaje especial a la fenecida folklorista Nereyda Rodr\u00edguez, quien durante toda su vida trabaj\u00f3 arduamente en la difusi\u00f3n de nuestras tradiciones.<\/span><\/p>\n<\/p>\n<p><span class=\"text1noticias\">Este a\u00f1o estar\u00e1 dedicado al Carnaval de La Vega, y tendr\u00e1 como pa\u00edses invitados a: Aruba, Bulgaria, Curazao, Colombia, China (Taiw\u00e1n), Guadalupe, Hait\u00ed y Honduras<\/span>.<\/p>\n<\/p>\n<h6> 2012-02-01 21:45:37 <\/h6>\n<p><!--\n<link rel=\"stylesheet\" href=\"css\/bootstrap.min.css\">\n\n\n<ul class=\"pagination\">\n\t    \n\t\n\n<li >\n\t<a href='?page_no=18022'>Previous<\/a>\n\t<\/li>\n\n\n       \n    \n\n<li><a href='?page_no=1'>1<\/a><\/li>\n\n\n\n<li><a href='?page_no=2'>2<\/a><\/li>\n\n\n\n<li><a>...<\/a><\/li>\n\n\n\n<li><a href='?page_no=18021'>18021<\/a><\/li>\n\n\n\n<li><a href='?page_no=18022'>18022<\/a><\/li>\n\n\n\n<li class='active'><a>18023<\/a><\/li>\n\n\n\n<li><a href='?page_no=18024'>18024<\/a><\/li>\n\n\n\n<li><a href='?page_no=18025'>18025<\/a><\/li>\n\n\n\n<li><a>...<\/a><\/li>\n\n\n\n<li><a href='?page_no=22911'>22911<\/a><\/li>\n\n\n\n<li><a href='?page_no=22912'>22912<\/a><\/li>\n\n    \n\t\n\n<li >\n\t<a href='?page_no=18024'>Next<\/a>\n\t<\/li>\n\n\n    \n\n<li><a href='?page_no=22912'>Last &rsaquo;&rsaquo;<\/a><\/li>\n\n<\/ul>\n\n\n--><br \/>\n<\/body><\/p>\n","protected":false},"excerpt":{"rendered":"<p>Rep.Dom, 1 de Febrero.- El reconocido merenguero Sergio Vargas y la carnavalera Hanoi S\u00e1nchez han sido seleccionados como Rey y Reina del Desfile Nacional de Carnaval 2012. El anuncio fue hecho por el Ministro de Cultura, Jos\u00e9 Rafael Lantigua, en un encuentro con la prensa celebrado en los Jardines del Hotel El Embajador. Acompa\u00f1aron al [&hellip;]<\/p>\n","protected":false},"author":3,"featured_media":0,"comment_status":"open","ping_status":"open","sticky":false,"template":"","format":"standard","meta":{"footnotes":""},"categories":[21],"tags":[],"class_list":["post-66345","post","type-post","status-publish","format-standard","hentry","category-cultura"],"_links":{"self":[{"href":"https:\/\/diariodominicano.com\/index.php?rest_route=\/wp\/v2\/posts\/66345","targetHints":{"allow":["GET"]}}],"collection":[{"href":"https:\/\/diariodominicano.com\/index.php?rest_route=\/wp\/v2\/posts"}],"about":[{"href":"https:\/\/diariodominicano.com\/index.php?rest_route=\/wp\/v2\/types\/post"}],"author":[{"embeddable":true,"href":"https:\/\/diariodominicano.com\/index.php?rest_route=\/wp\/v2\/users\/3"}],"replies":[{"embeddable":true,"href":"https:\/\/diariodominicano.com\/index.php?rest_route=%2Fwp%2Fv2%2Fcomments&post=66345"}],"version-history":[{"count":0,"href":"https:\/\/diariodominicano.com\/index.php?rest_route=\/wp\/v2\/posts\/66345\/revisions"}],"wp:attachment":[{"href":"https:\/\/diariodominicano.com\/index.php?rest_route=%2Fwp%2Fv2%2Fmedia&parent=66345"}],"wp:term":[{"taxonomy":"category","embeddable":true,"href":"https:\/\/diariodominicano.com\/index.php?rest_route=%2Fwp%2Fv2%2Fcategories&post=66345"},{"taxonomy":"post_tag","embeddable":true,"href":"https:\/\/diariodominicano.com\/index.php?rest_route=%2Fwp%2Fv2%2Ftags&post=66345"}],"curies":[{"name":"wp","href":"https:\/\/api.w.org\/{rel}","templated":true}]}}