{"id":66344,"date":"2012-02-02T17:20:07","date_gmt":"2012-02-02T17:20:07","guid":{"rendered":"http:\/\/diariodominicano.ddns.net\/?p=66344"},"modified":"2012-02-02T17:20:07","modified_gmt":"2012-02-02T17:20:07","slug":"cultura-anuncia-ganadores-concurso-de-minificcion-ciudad-del-ozama-2","status":"publish","type":"post","link":"https:\/\/diariodominicano.com\/?p=66344","title":{"rendered":"Cultura anuncia ganadores Concurso de Minificci\u00f3n Ciudad del Ozama"},"content":{"rendered":"<p><body><\/p>\n<p><img decoding=\"async\" src=\"img3\/Minificcion Segunda version.JPG\" \/>  <\/p>\n<p><span class=\"text1noticias\">Santo Domingo, Rep. Dominicana, 02 de  febrero del  2012.- El Ministerio de Cultura, a trav\u00e9s de la Direcci\u00f3n de Gesti\u00f3n Literaria, dio a conocer los nombres de los ganadores del Segundo Concurso de Minificci\u00f3n Ciudad del Ozama, en el que participaron 126 textos, de m\u00e1s de cien autores dominicanos.<\/span><\/p>\n<\/p>\n<p><span class=\"text1noticias\">Con este interesante certamen sus organizadores buscan promover y estimular el cultivo de la minificci\u00f3n o microficci\u00f3n en el pa\u00eds. <\/span><\/p>\n<\/p>\n<p><span class=\"text1noticias\">Los ganadores de esta segunda versi\u00f3n fueron: Manuel Alexander (Alexis) Pe\u00f1a, quien obtuvo el primer lugar  por su texto \u00abVangelsin\u00bb; el segundo lo gan\u00f3 V\u00edctor Eugenio Pe\u00f1a con \u00abMala consejera\u00bb y el tercero, V\u00edctor Eugenio Pe\u00f1a con \u00abEl \u00faltimo funeral\u00bb.<\/span><\/p>\n<\/p>\n<p><span class=\"text1noticias\">Las menciones de honor las obtuvieron Virginia Francisca Cuevas por \u00abCaperucita roja\u00bb, Pedro Paulino con \u00abPescador de sue\u00f1os\u00bb, Fernando Berroa por \u00abEl secreto de Eva\u00bb, Eric Sim\u00f3 con \u00abParadoja\u00bb, Rafael Peralta Romero con su texto \u00abEva y Newton\u00bb, Brunilda Contreras por su texto \u00abMachismo\u00bb, y Herm\u00e1n Ram\u00f3n Mella Chavier con \u00abReencuentro\u00bb.<\/span><\/p>\n<\/p>\n<p><span class=\"text1noticias\">Tambi\u00e9n, Jonatan Bueno con el texto \u00abEl proceso\u00bb, Aquiles Juli\u00e1n con el texto \u00abSirena\u00bb y Emelda Ramos con \u00abArmon\u00eda en las alturas\u00bb.  El ganador del primer lugar recibir\u00e1 40 mil pesos y un diploma; el del segundo, 30 mil y diploma y el del tercero, 20 mil pesos y un diploma. En tanto que los ganadores de las menciones de honor recibir\u00e1n 10 mil pesos y un diploma.<\/span><\/p>\n<\/p>\n<p><span class=\"text1noticias\">Los jurados fueron los destacados escritores dominicanos Marcio Veloz Maggiolo,   \u00c1ngela Hern\u00e1ndez y Eugenio Garc\u00eda Cuevas.<\/span><\/p>\n<\/p>\n<p><span class=\"text1noticias\">Se recuerda que, en la primera versi\u00f3n, este certamen fue convocado por la revista Pa\u00eds Cultural, en el 2010, para celebrar la capitalidad americana de la cultura, que le correspondi\u00f3 a la ciudad de Santo Domingo<\/span>.<\/p>\n<\/p>\n<h6> 2012-02-02 17:20:07 <\/h6>\n<p><!--\n<link rel=\"stylesheet\" href=\"css\/bootstrap.min.css\">\n\n\n<ul class=\"pagination\">\n\t    \n\t\n\n<li >\n\t<a href='?page_no=18021'>Previous<\/a>\n\t<\/li>\n\n\n       \n    \n\n<li><a href='?page_no=1'>1<\/a><\/li>\n\n\n\n<li><a href='?page_no=2'>2<\/a><\/li>\n\n\n\n<li><a>...<\/a><\/li>\n\n\n\n<li><a href='?page_no=18020'>18020<\/a><\/li>\n\n\n\n<li><a href='?page_no=18021'>18021<\/a><\/li>\n\n\n\n<li class='active'><a>18022<\/a><\/li>\n\n\n\n<li><a href='?page_no=18023'>18023<\/a><\/li>\n\n\n\n<li><a href='?page_no=18024'>18024<\/a><\/li>\n\n\n\n<li><a>...<\/a><\/li>\n\n\n\n<li><a href='?page_no=22911'>22911<\/a><\/li>\n\n\n\n<li><a href='?page_no=22912'>22912<\/a><\/li>\n\n    \n\t\n\n<li >\n\t<a href='?page_no=18023'>Next<\/a>\n\t<\/li>\n\n\n    \n\n<li><a href='?page_no=22912'>Last &rsaquo;&rsaquo;<\/a><\/li>\n\n<\/ul>\n\n\n--><br \/>\n<\/body><\/p>\n","protected":false},"excerpt":{"rendered":"<p>Santo Domingo, Rep. Dominicana, 02 de febrero del 2012.- El Ministerio de Cultura, a trav\u00e9s de la Direcci\u00f3n de Gesti\u00f3n Literaria, dio a conocer los nombres de los ganadores del Segundo Concurso de Minificci\u00f3n Ciudad del Ozama, en el que participaron 126 textos, de m\u00e1s de cien autores dominicanos. Con este interesante certamen sus organizadores [&hellip;]<\/p>\n","protected":false},"author":3,"featured_media":0,"comment_status":"open","ping_status":"open","sticky":false,"template":"","format":"standard","meta":{"footnotes":""},"categories":[21],"tags":[],"class_list":["post-66344","post","type-post","status-publish","format-standard","hentry","category-cultura"],"_links":{"self":[{"href":"https:\/\/diariodominicano.com\/index.php?rest_route=\/wp\/v2\/posts\/66344","targetHints":{"allow":["GET"]}}],"collection":[{"href":"https:\/\/diariodominicano.com\/index.php?rest_route=\/wp\/v2\/posts"}],"about":[{"href":"https:\/\/diariodominicano.com\/index.php?rest_route=\/wp\/v2\/types\/post"}],"author":[{"embeddable":true,"href":"https:\/\/diariodominicano.com\/index.php?rest_route=\/wp\/v2\/users\/3"}],"replies":[{"embeddable":true,"href":"https:\/\/diariodominicano.com\/index.php?rest_route=%2Fwp%2Fv2%2Fcomments&post=66344"}],"version-history":[{"count":0,"href":"https:\/\/diariodominicano.com\/index.php?rest_route=\/wp\/v2\/posts\/66344\/revisions"}],"wp:attachment":[{"href":"https:\/\/diariodominicano.com\/index.php?rest_route=%2Fwp%2Fv2%2Fmedia&parent=66344"}],"wp:term":[{"taxonomy":"category","embeddable":true,"href":"https:\/\/diariodominicano.com\/index.php?rest_route=%2Fwp%2Fv2%2Fcategories&post=66344"},{"taxonomy":"post_tag","embeddable":true,"href":"https:\/\/diariodominicano.com\/index.php?rest_route=%2Fwp%2Fv2%2Ftags&post=66344"}],"curies":[{"name":"wp","href":"https:\/\/api.w.org\/{rel}","templated":true}]}}