{"id":66343,"date":"2012-02-02T17:36:26","date_gmt":"2012-02-02T17:36:26","guid":{"rendered":"http:\/\/diariodominicano.ddns.net\/?p=66343"},"modified":"2012-02-02T17:36:26","modified_gmt":"2012-02-02T17:36:26","slug":"teatro-rodante-inicia-gira-patriotica-con-la-obra-duarte-fundador-de-una-republica","status":"publish","type":"post","link":"https:\/\/diariodominicano.com\/?p=66343","title":{"rendered":"Teatro Rodante inicia Gira Patri\u00f3tica con la obra \u00abDuarte fundador de una Rep\u00fablica\u00bb"},"content":{"rendered":"<p><body><\/p>\n<p><span class=\"text1noticias\">El montaje ilustra parte de la historia de la Rep\u00fablica Dominicana a ra\u00edz de la invasi\u00f3n haitiana.<\/span><\/p>\n<\/p>\n<p><span class=\"text1noticias\">Santo Domingo, RD, 02 de febrero del 2012.-  Con motivo de celebrarse en el pa\u00eds el Mes de la Patria, el Teatro Rodante Dominicano, dependencia del Ministerio de Cultura, dio inicio a la \u00abGira Patri\u00f3tica 2012\u00bb, que viene realiz\u00e1ndose desde el 2007 por diferentes lugares de la ciudad de Santo Domingo y provincias del interior.<\/span><\/p>\n<\/p>\n<p><span class=\"text1noticias\">El estreno de la obra, autor\u00eda del dramaturgo Franklin Dom\u00ednguez, y con adaptaci\u00f3n de la actriz Carlota Carretero,  tuvo lugar en la Sala Monina Sol\u00e1, del Centro Cultural Narciso Gonz\u00e1lez, donde asistieron estudiantes de las escuelas Rep\u00fablica Dominicana, Rep\u00fablica de Colombia, Rep\u00fablica de Nicaragua y los colegios Arboleda y Jaime Molina Mota, entre otros.<\/span><\/p>\n<\/p>\n<p><span class=\"text1noticias\">Con \u00abDuarte fundador de una Rep\u00fablica\u00bb se busca que ni\u00f1os, j\u00f3venes y adultos conozcan, de una manera divertida, el ideal del Padre de la Patria Juan Pablo Duarte.<\/span><\/p>\n<\/p>\n<p><span class=\"text1noticias\">La obra destaca el viaje realizado por Juan Pablo Duarte para completar sus estudios, a ra\u00edz de la invasi\u00f3n haitiana, durante el cual toma la determinaci\u00f3n de liberar a su pueblo de toda dominaci\u00f3n extranjera.<\/span><\/p>\n<\/p>\n<p><span class=\"text1noticias\">Act\u00faan Di\u00f3genes Medina, Rafael Morla, Indiana Brito, Cindy Gal\u00e1n y Richarson D\u00edaz, quienes interpretan a Duarte, S\u00e1nchez, Mella, y a otros j\u00f3venes que constituyeron la Sociedad Secreta La Trinitaria.<\/span><\/p>\n<\/p>\n<p><span class=\"text1noticias\">La pieza ser\u00e1 presentada nuevamente el viernes tres de enero, a las 11:00 de la ma\u00f1ana, en el Instituto Duartiano. Ser\u00e1 llevada a los sectores La Ci\u00e9naga, Ensanche Ozama, Las Caobas, Los libertadores, Pantoja, Los Mameyes, Capotillo y La Zurza. <\/span><\/p>\n<\/p>\n<p><span class=\"text1noticias\">Los residentes en el interior del pa\u00eds tambi\u00e9n disfrutar\u00e1n del drama del Teatro Rodante Dominicano con las presentaciones en San Juan de la Maguana, Punta Cana, Moca y Santiago.<\/span><\/p>\n<p><span class=\"text1noticias\">La bienvenida a los estudiantes la ofreci\u00f3 Basilio Nova, Director del Centro Cultural Narciso Gonz\u00e1lez, mientras que el autor de la obra, Franklin Dom\u00ednguez, felicit\u00f3 al Teatro Rodante por la versi\u00f3n renovada de \u00abDuarte fundador de una Rep\u00fablica\u00bb, la cual est\u00e1 muy bien interpretada y por lo que debe ser vista por todos<\/span>.<\/p>\n<h6> 2012-02-02 17:36:26 <\/h6>\n<p><!--\n<link rel=\"stylesheet\" href=\"css\/bootstrap.min.css\">\n\n\n<ul class=\"pagination\">\n\t    \n\t\n\n<li >\n\t<a href='?page_no=18020'>Previous<\/a>\n\t<\/li>\n\n\n       \n    \n\n<li><a href='?page_no=1'>1<\/a><\/li>\n\n\n\n<li><a href='?page_no=2'>2<\/a><\/li>\n\n\n\n<li><a>...<\/a><\/li>\n\n\n\n<li><a href='?page_no=18019'>18019<\/a><\/li>\n\n\n\n<li><a href='?page_no=18020'>18020<\/a><\/li>\n\n\n\n<li class='active'><a>18021<\/a><\/li>\n\n\n\n<li><a href='?page_no=18022'>18022<\/a><\/li>\n\n\n\n<li><a href='?page_no=18023'>18023<\/a><\/li>\n\n\n\n<li><a>...<\/a><\/li>\n\n\n\n<li><a href='?page_no=22911'>22911<\/a><\/li>\n\n\n\n<li><a href='?page_no=22912'>22912<\/a><\/li>\n\n    \n\t\n\n<li >\n\t<a href='?page_no=18022'>Next<\/a>\n\t<\/li>\n\n\n    \n\n<li><a href='?page_no=22912'>Last &rsaquo;&rsaquo;<\/a><\/li>\n\n<\/ul>\n\n\n--><br \/>\n<\/body><\/p>\n","protected":false},"excerpt":{"rendered":"<p>El montaje ilustra parte de la historia de la Rep\u00fablica Dominicana a ra\u00edz de la invasi\u00f3n haitiana. Santo Domingo, RD, 02 de febrero del 2012.- Con motivo de celebrarse en el pa\u00eds el Mes de la Patria, el Teatro Rodante Dominicano, dependencia del Ministerio de Cultura, dio inicio a la \u00abGira Patri\u00f3tica 2012\u00bb, que viene [&hellip;]<\/p>\n","protected":false},"author":3,"featured_media":0,"comment_status":"open","ping_status":"open","sticky":false,"template":"","format":"standard","meta":{"footnotes":""},"categories":[21],"tags":[],"class_list":["post-66343","post","type-post","status-publish","format-standard","hentry","category-cultura"],"_links":{"self":[{"href":"https:\/\/diariodominicano.com\/index.php?rest_route=\/wp\/v2\/posts\/66343","targetHints":{"allow":["GET"]}}],"collection":[{"href":"https:\/\/diariodominicano.com\/index.php?rest_route=\/wp\/v2\/posts"}],"about":[{"href":"https:\/\/diariodominicano.com\/index.php?rest_route=\/wp\/v2\/types\/post"}],"author":[{"embeddable":true,"href":"https:\/\/diariodominicano.com\/index.php?rest_route=\/wp\/v2\/users\/3"}],"replies":[{"embeddable":true,"href":"https:\/\/diariodominicano.com\/index.php?rest_route=%2Fwp%2Fv2%2Fcomments&post=66343"}],"version-history":[{"count":0,"href":"https:\/\/diariodominicano.com\/index.php?rest_route=\/wp\/v2\/posts\/66343\/revisions"}],"wp:attachment":[{"href":"https:\/\/diariodominicano.com\/index.php?rest_route=%2Fwp%2Fv2%2Fmedia&parent=66343"}],"wp:term":[{"taxonomy":"category","embeddable":true,"href":"https:\/\/diariodominicano.com\/index.php?rest_route=%2Fwp%2Fv2%2Fcategories&post=66343"},{"taxonomy":"post_tag","embeddable":true,"href":"https:\/\/diariodominicano.com\/index.php?rest_route=%2Fwp%2Fv2%2Ftags&post=66343"}],"curies":[{"name":"wp","href":"https:\/\/api.w.org\/{rel}","templated":true}]}}