{"id":66341,"date":"2012-02-02T19:08:17","date_gmt":"2012-02-02T19:08:17","guid":{"rendered":"http:\/\/diariodominicano.ddns.net\/?p=66341"},"modified":"2012-02-02T19:08:17","modified_gmt":"2012-02-02T19:08:17","slug":"ministerios-dominicanos-realizan-catalogo-de-artesania-dominicana","status":"publish","type":"post","link":"https:\/\/diariodominicano.com\/?p=66341","title":{"rendered":"Ministerios dominicanos realizan cat\u00e1logo de artesan\u00eda dominicana"},"content":{"rendered":"<p><body><\/p>\n<p><img decoding=\"async\" src=\"img3\/fachaditas ochoa.JPG\" \/>  <\/p>\n<p><span class=\"text1noticias\">Rep.Dom, 2 de Febrero.- Los Ministerios de Industria y Comercio as\u00ed tambien el de Cultura trabajan en la producci\u00f3n de un catalogo-directorio de la artesan\u00eda dominicana, que recoger\u00e1 los productos artesanales m\u00e1s representativos del pa\u00eds, as\u00ed como los nombres y direcciones de sus creadores.<\/span><\/p>\n<\/p>\n<p><span class=\"text1noticias\">El proyecto ser\u00e1 ejecutado por v\u00eda del Centro Nacional de Artesan\u00eda (Cenadarte), con la finalidad de dar a conocer a los productores nacionales de artesan\u00eda al comercio tur\u00edstico, lo que lograr\u00e1 mayores ventas y beneficios para muchos artesanos del pa\u00eds.<\/span><\/p>\n<\/p>\n<p><span class=\"text1noticias\">El cat\u00e1logo-directorio tendr\u00e1 secciones, con datos de los programas de asistencia al sector artesanal, que ejecutan entidades p\u00fablicas, privadas y de agencias de cooperaci\u00f3n internacionales.<\/span><\/p>\n<\/p>\n<p><span class=\"text1noticias\">Tambi\u00e9n ofrecer\u00e1 informaciones  relativas a los recursos y producci\u00f3n artesanal de las provincias y comunidades en donde residen y trabajan los artesanos. <\/span><\/p>\n<\/p>\n<p><span class=\"text1noticias\">El cat\u00e1logo tendr\u00e1 un mapa del pa\u00eds con \u00edconos alusivos a cada tipo de artesan\u00edas que se producen y las informaciones relativas a los requerimientos para comercializar la artesan\u00eda nacional, ya sea mediante una tienda o para fines de exportaci\u00f3n.<\/span><\/p>\n<\/p>\n<p><span class=\"text1noticias\">La gu\u00eda ser\u00e1 muy \u00fatil para los comerciantes, distribuidores y propietarios de tiendas de artesan\u00edas (gift shops), porque les facilitar\u00e1 conocer las nuevas ofertas de productos y la incursi\u00f3n de artesanos emergentes que est\u00e1n introduciendo sus l\u00edneas de productos en el mercado.<\/span><\/p>\n<\/p>\n<p><span class=\"text1noticias\">Las instituciones patrocinadoras del proyecto solicitaron a los productores cuyas obras no han sido registradas y fotografiadas, a que visiten la sede de Cenadarte  en la antigua Avenida San Crist\u00f3bal, actual H\u00e9ctor Romeo Hern\u00e1ndez No. 49 en el Ensanche La Fe, al lado del Ministerio de Salud P\u00fablica, o llamar al tel\u00e9fono 809-565-2952.<\/span><\/p>\n<\/p>\n<p><span class=\"text1noticias\">Indican que los interesados tambi\u00e9n pueden dirigirse a la tienda Manos Dominicanas, que opera el Despacho de la Primera Dama conjuntamente con el Ministerio de Cultura y que opera en la Calle Atarazana No. 7 de la Zona Colonial.<\/span><\/p>\n<\/p>\n<p><span class=\"text1noticias\">Recomiendan a los artesanos interesados en ser incluidos en el cat\u00e1logo-directorio que se comuniquen a las direcciones y tel\u00e9fonos citados para que reciban informaciones de los d\u00edas y horas en que podr\u00e1n ser recibidas sus muestras<\/span>.<\/p>\n<\/p>\n<h6> 2012-02-02 19:08:17 <\/h6>\n<p><!--\n<link rel=\"stylesheet\" href=\"css\/bootstrap.min.css\">\n\n\n<ul class=\"pagination\">\n\t    \n\t\n\n<li >\n\t<a href='?page_no=18018'>Previous<\/a>\n\t<\/li>\n\n\n       \n    \n\n<li><a href='?page_no=1'>1<\/a><\/li>\n\n\n\n<li><a href='?page_no=2'>2<\/a><\/li>\n\n\n\n<li><a>...<\/a><\/li>\n\n\n\n<li><a href='?page_no=18017'>18017<\/a><\/li>\n\n\n\n<li><a href='?page_no=18018'>18018<\/a><\/li>\n\n\n\n<li class='active'><a>18019<\/a><\/li>\n\n\n\n<li><a href='?page_no=18020'>18020<\/a><\/li>\n\n\n\n<li><a href='?page_no=18021'>18021<\/a><\/li>\n\n\n\n<li><a>...<\/a><\/li>\n\n\n\n<li><a href='?page_no=22911'>22911<\/a><\/li>\n\n\n\n<li><a href='?page_no=22912'>22912<\/a><\/li>\n\n    \n\t\n\n<li >\n\t<a href='?page_no=18020'>Next<\/a>\n\t<\/li>\n\n\n    \n\n<li><a href='?page_no=22912'>Last &rsaquo;&rsaquo;<\/a><\/li>\n\n<\/ul>\n\n\n--><br \/>\n<\/body><\/p>\n","protected":false},"excerpt":{"rendered":"<p>Rep.Dom, 2 de Febrero.- Los Ministerios de Industria y Comercio as\u00ed tambien el de Cultura trabajan en la producci\u00f3n de un catalogo-directorio de la artesan\u00eda dominicana, que recoger\u00e1 los productos artesanales m\u00e1s representativos del pa\u00eds, as\u00ed como los nombres y direcciones de sus creadores. El proyecto ser\u00e1 ejecutado por v\u00eda del Centro Nacional de Artesan\u00eda [&hellip;]<\/p>\n","protected":false},"author":3,"featured_media":0,"comment_status":"open","ping_status":"open","sticky":false,"template":"","format":"standard","meta":{"footnotes":""},"categories":[21],"tags":[],"class_list":["post-66341","post","type-post","status-publish","format-standard","hentry","category-cultura"],"_links":{"self":[{"href":"https:\/\/diariodominicano.com\/index.php?rest_route=\/wp\/v2\/posts\/66341","targetHints":{"allow":["GET"]}}],"collection":[{"href":"https:\/\/diariodominicano.com\/index.php?rest_route=\/wp\/v2\/posts"}],"about":[{"href":"https:\/\/diariodominicano.com\/index.php?rest_route=\/wp\/v2\/types\/post"}],"author":[{"embeddable":true,"href":"https:\/\/diariodominicano.com\/index.php?rest_route=\/wp\/v2\/users\/3"}],"replies":[{"embeddable":true,"href":"https:\/\/diariodominicano.com\/index.php?rest_route=%2Fwp%2Fv2%2Fcomments&post=66341"}],"version-history":[{"count":0,"href":"https:\/\/diariodominicano.com\/index.php?rest_route=\/wp\/v2\/posts\/66341\/revisions"}],"wp:attachment":[{"href":"https:\/\/diariodominicano.com\/index.php?rest_route=%2Fwp%2Fv2%2Fmedia&parent=66341"}],"wp:term":[{"taxonomy":"category","embeddable":true,"href":"https:\/\/diariodominicano.com\/index.php?rest_route=%2Fwp%2Fv2%2Fcategories&post=66341"},{"taxonomy":"post_tag","embeddable":true,"href":"https:\/\/diariodominicano.com\/index.php?rest_route=%2Fwp%2Fv2%2Ftags&post=66341"}],"curies":[{"name":"wp","href":"https:\/\/api.w.org\/{rel}","templated":true}]}}