{"id":66340,"date":"2012-02-02T20:28:38","date_gmt":"2012-02-02T20:28:38","guid":{"rendered":"http:\/\/diariodominicano.ddns.net\/?p=66340"},"modified":"2012-02-02T20:28:38","modified_gmt":"2012-02-02T20:28:38","slug":"carnaval-de-la-capital-inicia-este-domingo","status":"publish","type":"post","link":"https:\/\/diariodominicano.com\/?p=66340","title":{"rendered":"Carnaval de la capital inicia este domingo"},"content":{"rendered":"<p><body><\/p>\n<p><img decoding=\"async\" src=\"img3\/carnaval  sd.JPG\" \/><br \/><img decoding=\"async\" src=\"img3\/carnaval.JPG\" \/>  <\/p>\n<p><span class=\"text1noticias\">SANTO DOMINGO, 02 Feb 2012.-Un carnaval de Santo Domingo mucho m\u00e1s divertido y con una cantidad mayor de propuestas para que toda la familia pueda disfrutar la fiesta cultural m\u00e1s importante de la Rep\u00fablica Dominicana.<\/span><\/p>\n<\/p>\n<p><span class=\"text1noticias\">En los barrios de la capital, se puede encontrar la mayor diversidad de personajes relacionadas con la tradici\u00f3n carnavalesca del pa\u00eds y la Uni\u00f3n de Carnavaleros del Distrito (Ucadi) tiene la intenci\u00f3n de reivindicar a Santo Domingo y contribuir a convertirlo en el mejor del pa\u00eds.<\/span><\/p>\n<\/p>\n<p><span class=\"text1noticias\">La organizaci\u00f3n est\u00e1 a cargo del Ayuntamiento del Distrito Nacional, el Ministerio de Cultura, la Uni\u00f3n de Carnavalesca del Distrito Nacional (UCADI) y la empresa Prodsolutions con el patrocinio principal de Cerveza Presidente, Kola Real, Claro y 911. En tanto que tambi\u00e9n est\u00e1n apoyando el desfile de las expresiones del carnaval capitalino Pinturas Tropical, Productos Chef, Pizzarelly  y Helados Bon.<\/span><\/p>\n<\/p>\n<p><span class=\"text1noticias\">En esta oportunidad, Santo Domingo, al igual que las principales provincias del pa\u00eds tendr\u00e1 su desfile cada domingo de febrero, desde este 5 hasta el 26 de febrero y ser\u00e1 realizado en la Av. Jim\u00e9nez Moya, entre la Av. R\u00f3mulo Betancourt y la Av. Jos\u00e9 Contreras.<\/span><\/p>\n<\/p>\n<p><span class=\"text1noticias\">Lo m\u00e1s destacable del mismo, es que tendr\u00e1 dos plataformas  de trabajo, una para disfrutar de las comparsas y personajes individuales que estar\u00e1 animada de 1 de la tarde a 7 de la noche y la otra para los conciertos de cierre cada noche que se realizar\u00e1n de 7 a 10pm y estar\u00e1 dotado de gradas para que los asistentes se puedan sentar mientras se realiza dicho evento.<\/span><\/p>\n<\/p>\n<p><span class=\"text1noticias\">Una de las \u00e1reas m\u00e1s especiales del  carnaval lo constituye el \u00e1rea de ni\u00f1os, preparada por Kola Real,  que estar\u00e1 siendo animada cada domingo por el Rey del Carnaval Infantil, Alan Brito y que tendr\u00e1 juegos para ni\u00f1os, pinta caritas y un concurso de carnaval infantil con importantes premios del Ministerio de Cultura.<\/span><\/p>\n<\/p>\n<p><span class=\"text1noticias\">Al ofrecer la informaci\u00f3n de las novedades del Carnaval de Santo Domingo, los organizadores destacaron la organizaci\u00f3n de un dispositivo de seguridad en el que participaran cientos de hombres de la Polic\u00eda Municipal, la Polic\u00eda Nacional, La Autoridad Metropolitana de Transporte (AMET) y un dispositivo de seguridad privada que mantendr\u00e1 el acceso abierto, pero con revisi\u00f3n para garantizar la convivencia entre los presentes. As\u00ed mismo, el \u00e1rea de ni\u00f1os tendr\u00e1 protecci\u00f3n especial y los padres podr\u00e1n dejar en ese espacio a sus ni\u00f1os en lo que disfrutan el carnaval.<\/span><\/p>\n<\/p>\n<\/p>\n<h6> 2012-02-02 20:28:38 <\/h6>\n<p><!--\n<link rel=\"stylesheet\" href=\"css\/bootstrap.min.css\">\n\n\n<ul class=\"pagination\">\n\t    \n\t\n\n<li >\n\t<a href='?page_no=18017'>Previous<\/a>\n\t<\/li>\n\n\n       \n    \n\n<li><a href='?page_no=1'>1<\/a><\/li>\n\n\n\n<li><a href='?page_no=2'>2<\/a><\/li>\n\n\n\n<li><a>...<\/a><\/li>\n\n\n\n<li><a href='?page_no=18016'>18016<\/a><\/li>\n\n\n\n<li><a href='?page_no=18017'>18017<\/a><\/li>\n\n\n\n<li class='active'><a>18018<\/a><\/li>\n\n\n\n<li><a href='?page_no=18019'>18019<\/a><\/li>\n\n\n\n<li><a href='?page_no=18020'>18020<\/a><\/li>\n\n\n\n<li><a>...<\/a><\/li>\n\n\n\n<li><a href='?page_no=22911'>22911<\/a><\/li>\n\n\n\n<li><a href='?page_no=22912'>22912<\/a><\/li>\n\n    \n\t\n\n<li >\n\t<a href='?page_no=18019'>Next<\/a>\n\t<\/li>\n\n\n    \n\n<li><a href='?page_no=22912'>Last &rsaquo;&rsaquo;<\/a><\/li>\n\n<\/ul>\n\n\n--><br \/>\n<\/body><\/p>\n","protected":false},"excerpt":{"rendered":"<p>SANTO DOMINGO, 02 Feb 2012.-Un carnaval de Santo Domingo mucho m\u00e1s divertido y con una cantidad mayor de propuestas para que toda la familia pueda disfrutar la fiesta cultural m\u00e1s importante de la Rep\u00fablica Dominicana. En los barrios de la capital, se puede encontrar la mayor diversidad de personajes relacionadas con la tradici\u00f3n carnavalesca del [&hellip;]<\/p>\n","protected":false},"author":3,"featured_media":0,"comment_status":"open","ping_status":"open","sticky":false,"template":"","format":"standard","meta":{"footnotes":""},"categories":[21],"tags":[],"class_list":["post-66340","post","type-post","status-publish","format-standard","hentry","category-cultura"],"_links":{"self":[{"href":"https:\/\/diariodominicano.com\/index.php?rest_route=\/wp\/v2\/posts\/66340","targetHints":{"allow":["GET"]}}],"collection":[{"href":"https:\/\/diariodominicano.com\/index.php?rest_route=\/wp\/v2\/posts"}],"about":[{"href":"https:\/\/diariodominicano.com\/index.php?rest_route=\/wp\/v2\/types\/post"}],"author":[{"embeddable":true,"href":"https:\/\/diariodominicano.com\/index.php?rest_route=\/wp\/v2\/users\/3"}],"replies":[{"embeddable":true,"href":"https:\/\/diariodominicano.com\/index.php?rest_route=%2Fwp%2Fv2%2Fcomments&post=66340"}],"version-history":[{"count":0,"href":"https:\/\/diariodominicano.com\/index.php?rest_route=\/wp\/v2\/posts\/66340\/revisions"}],"wp:attachment":[{"href":"https:\/\/diariodominicano.com\/index.php?rest_route=%2Fwp%2Fv2%2Fmedia&parent=66340"}],"wp:term":[{"taxonomy":"category","embeddable":true,"href":"https:\/\/diariodominicano.com\/index.php?rest_route=%2Fwp%2Fv2%2Fcategories&post=66340"},{"taxonomy":"post_tag","embeddable":true,"href":"https:\/\/diariodominicano.com\/index.php?rest_route=%2Fwp%2Fv2%2Ftags&post=66340"}],"curies":[{"name":"wp","href":"https:\/\/api.w.org\/{rel}","templated":true}]}}