{"id":66339,"date":"2012-02-02T20:49:28","date_gmt":"2012-02-02T20:49:28","guid":{"rendered":"http:\/\/diariodominicano.ddns.net\/?p=66339"},"modified":"2012-02-02T20:49:28","modified_gmt":"2012-02-02T20:49:28","slug":"keyla-ventura-puertoplatena-premiada-en-la-xvi-version-del-premio-nacional-de-la-juventud","status":"publish","type":"post","link":"https:\/\/diariodominicano.com\/?p=66339","title":{"rendered":"&#13;Keyla Ventura Puertoplate\u00f1a premiada en la XVI versi\u00f3n del premio nacional de la juventud"},"content":{"rendered":"<p><body><\/p>\n<p><img decoding=\"async\" src=\"img3\/keyla premio juventud.JPG\" \/>  <\/p>\n<p><span class=\"text1noticias\">Por: Juan Morrobel <\/span><\/p>\n<p><span class=\"text1noticias\">PUERTO PLATA, 02 Feb 2012.-Servicios y Liderazgo Rural rengl\u00f3n logrado por nuestra incasable trabajadora comunitaria Keyla Ventura Reyes Francisco, humilde joven nacida en el municipio de Imbert quien por su gran labor altruista,  social y comunitaria la llevo a poner en alto el nombre de su provincia natal Puerto Plata.<\/span><\/p>\n<\/p>\n<p><span class=\"text1noticias\">Siendo una de los 17 j\u00f3venes que se destacaron el pasado a\u00f1o en distintas \u00e1reas, el talento de estos j\u00f3venes fueron reconocido por el ministerio de la Juventud dentro de la versi\u00f3n XVI, en un acto realizado en el teatro nacional, acto que cont\u00f3 con la asistencia del Vicepresidente de la Republica doctor Rafael Alburquerque, la primera dama Dra. Margarita Cede\u00f1o y el ministro Franklin Rodr\u00edguez.<\/span><\/p>\n<\/p>\n<p><span class=\"text1noticias\">Junto a din\u00e1mica joven Puertoplate\u00f1a Ventura Reyes Francisco estuvieron participando por este importante galard\u00f3n los j\u00f3venes, Santo Miguel Monci\u00f3n Sosa (Valverde), Liderazgo Religioso; Cherrys Toribio Encarnaci\u00f3n (San Juan), Liderazgo Pol\u00edtico; Belkis V\u00e1squez Morla (Distrito Nacional), Liderazgo Profesional; Martha Esther Madera B\u00e1ez (Valverde), M\u00e9rito Estudiantil; Luguelin Miguel Santos (Monte Plata) en M\u00e9ritos Deportivos; Yendry Manuel Cruz Santana (Valverde) en Servicios Sociales Voluntarios a Favor de la Comunidad, y Joel Santiago Mej\u00eda (Santo Domingo), ganador en el rengl\u00f3n Superaci\u00f3n y Logros Personales.<\/span><\/p>\n<p><span class=\"text1noticias\"> <\/span><\/p>\n<p><span class=\"text1noticias\">Un total de 14 j\u00f3venes del municipio de Puerto Plata fueron evaluado por el Viceministro de la Juventud licenciado Braulio Espinal, quien en compa\u00f1\u00eda del director provincial licenciado Bienvenido Duran, un representante del monse\u00f1or Julio Cesar Corniel,  Rafael \u00c1lvarez por la gobernaci\u00f3n provincial, Ney Santana por el ayuntamiento municipal, Santiago Lozano por los comunicadores, un representante del distrito educativo 11-02 y un representante del ministerio de deporte, toda la organizaci\u00f3n estuvo a cargo de la asistente del director provincial de la juventud Wualeka Cabrera Teijeiro, los j\u00f3venes Roberto Luis G\u00f3mez Santana, Reyfry L Cabrera, Wellinthon Ferm\u00edn Cabrera, Antonia Francisco Santos, Karina Virginia Samboy, Antonio B Heredia, Juan F Mart\u00ednez, Antoni E Clase P\u00e9rez, Rosa E G\u00f3mez, Paloma M Almonte Reinosos, Feliz J Pe\u00f1a Acevedo, Nestor V Almarante, Luis F Disla Castillo y Ray G Hern\u00e1ndez, todos ellos premiados en el gran teatro Cibao de Santiago, previo a la ceremonia del pasado 31 de enero en Santo Domingo.<\/span><\/p>\n<p><span class=\"text1noticias\"> <\/span><\/p>\n<p><span class=\"text1noticias\"><strong><em><u>BIOGRAFIA COMPLETA DE  Keyla Ventura<\/u><\/em><\/strong><\/span><\/p>\n<\/p>\n<p><span class=\"text1noticias\">Nacida en el ceno de una familia humilde, en el municipio de Imbert puerto plata Republica dominicana, el 28 de mayo de 1988 un domingo  de las madres.<\/span><\/p>\n<\/p>\n<p><span class=\"text1noticias\">Es la mayor de su madre HERMINIA VENTURA REYES y la menor de su padre AGAPITO FRANCISCO, tiene 3 hermanas de madre y 5 hermanos de padre.<\/span><\/p>\n<p><span class=\"text1noticias\"> <\/span><\/p>\n<p><span class=\"text1noticias\"><strong><em><u>INFANCIA Y JUVENTUD<\/u><\/em><\/strong><\/span><\/p>\n<\/p>\n<p><span class=\"text1noticias\">Su madre le crio y le instruy\u00f3 en los preceptos religiosos, espec\u00edficamente en la iglesia evang\u00e9lica cristiana destac\u00e1ndose hasta hoy sus creencias y rasgos religiosos. Desde ni\u00f1a se destaco en todas las  \u00e1reas de su vida, como estudiante, hija, amiga y fiel compa\u00f1era, siempre so\u00f1aba con que alg\u00fan d\u00eda su padre vendr\u00eda a recogerla a la escuela en un gran helic\u00f3ptero y le tra\u00eda muchos regalos para ella y sus compa\u00f1eros, pero lamentablemente no  fue as\u00ed, aunque con pena y dolor por dentro de s\u00ed misma, nunca perdi\u00f3 entusiasmo siempre mostro gran inter\u00e9s por los estudios y el conocimiento.<\/span><\/p>\n<\/p>\n<p><span class=\"text1noticias\"> Es una excelente estudiante, estudio en el colegio \u00abLAS MELLIZAS\u00bb en Imbert, hasta el primer grado, luego estudio el 2do grado en la escuela primaria JUAN N. RAVELO, dando su vida un giro inesperado, tubo que mudarse con su madre hasta el municipio de maim\u00f3n puerto plata all\u00ed curso el 3er grado con gran \u00e9xito en la escuela ANACAONA MAIM\u00d3N destac\u00e1ndose como  estudiante a pesar de los obst\u00e1culos regreso a estudiar a la escuela  JUAN N. RAVELO en el municipio de Imbert donde viv\u00eda con su abuela MARINA VENTUA, all\u00ed curso el 4to, 5to, 6to y s\u00e9ptimo grado disc\u00e1ndose alumna meritorio en los cursos  5to y 7mo.<\/span><\/p>\n<\/p>\n<p><span class=\"text1noticias\">Termino el 8vo en la escuela ANACAONA MAIM\u00d3N ya que su madre solicito su apoyo. all\u00ed continuo hasta el  2do de bachille. Luego esta joven emprendedora con apenas 14 a\u00f1os de edad se fue a puerto plata a terminar su bachillerato en el polit\u00e9cnico Gregorio Urbano Gilbert (plan Reforma) ya que tenia nuevas expectativas sobres sus estudios y quer\u00eda lanzarse al conocimiento pleno.<\/span><\/p>\n<\/p>\n<p><span class=\"text1noticias\">Ya con 1 ano estudiando Ingles, en el 2003 Comenz\u00f3 el  3er grado en el polit\u00e9cnico Gregorio urbano Gilbert de la ciudad san Felipe de puerto plata en el \u00e1rea de mercadeo, ya para el 2005 termina  todos los niveles t\u00e9cnicos pr\u00e1cticos te\u00f3ricos y de conversaci\u00f3n del idioma ingles, en el mismo a\u00f1o decide comenzar a estudiar t\u00e9cnico en micro-computadoras gradu\u00e1ndose para el 2006 de ellos y terminando satisfactoriamente el bachillerato en el mismo a\u00f1o.<\/span><\/p>\n<\/p>\n<p><span class=\"text1noticias\">y al cabo de no pocas vicisitudes  comienza una aventura, metas que cumplir y sue\u00f1os que alcanzar.<\/span><\/p>\n<p><span class=\"text1noticias\"> <\/span><\/p>\n<p><span class=\"text1noticias\"><strong><em><u>SUE\u00d1OS  METAS  Y TRABAJO<\/u><\/em><\/strong><\/span><\/p>\n<p><span class=\"text1noticias\"> <\/span><\/p>\n<p><span class=\"text1noticias\"> Se va a vivir a Imbert comenzando una nueva vida, y nuevos retos, comienza a estudiar la medicina natural con ayuda de la empresa \u00abRAMILIFE\u00bb con apenas 18 anos consigue trabajar r\u00e1pidamente por su alto desempe\u00f1o buena actitud positiva y el gran conocimiento que adquiri\u00f3 en muy poco tiempo, all\u00ed estuvo estudiando por 3 anos, 2 a\u00f1os de teor\u00eda y un a\u00f1o de pr\u00e1ctica.<\/span><\/p>\n<\/p>\n<p><span class=\"text1noticias\">A los 19 a\u00f1os se inscribe en la universidad (UASD) en la carrera: ADMINISTRACION DE EMPRESAS TURISTICAS Y HOTELERAS, donde a\u00fan se encuentra estudiando hasta el momento.<\/span><\/p>\n<\/p>\n<p><span class=\"text1noticias\">Siendo esta joven de 19 a\u00f1os muy querida por todos los que les rodean mostrando respeto amor y cari\u00f1o a su entorno, por eso le miran como un ejemplo a seguir.<\/span><\/p>\n<\/p>\n<p><span class=\"text1noticias\">Su abuela marina reyes dice: \u00abESA ES MI NIETA DIOS ME LA BENDIGA Y GUARDE EN TODOS LOS DIAS DE SU VIDA, ELLA ES MI ORGULLO\u00bb.<\/span><\/p>\n<p><span class=\"text1noticias\"> <\/span><\/p>\n<p><span class=\"text1noticias\">Es pues a los 19 a\u00f1os donde se hace la mejor amiga de 3 maravillosas personas que le dieron un cambio radical a su vida y a su entorno: HUMBERTO METZ SOSA, NATANAEL LIRIANO CASTILLO, JOSE NICOLAS MARTINEZ. Los cuales se hacen llamar (los 4 fant\u00e1sticos).<\/span><\/p>\n<\/p>\n<p><span class=\"text1noticias\">A partir de este encuentro comienza a hacer sus sue\u00f1os realidad despu\u00e9s de tenerlos por tanto tiempo plasmados en hojas de papel, y eso a pesar de que tuvo que abandonar la universidad, pero esto tampoco le fue ocasi\u00f3n de rendirse comenz\u00f3 a involucrarse cada d\u00eda mas en  su comunidad ocupando su tiempo al 100% en las cosas que le gustan.<\/span><\/p>\n<\/p>\n<p><span class=\"text1noticias\"> Paso sus 20 a\u00f1os estudiando en INFOTEP, y haciendo cursillos t\u00e9cnicos, se enfoco en cosas que realmente le hac\u00edan feliz como trabajar con los ni\u00f1os, oficio que ya ven\u00eda haciendo desde la iglesia pero esta vez quer\u00eda hacer algo m\u00e1s grande pero con los ni\u00f1os m\u00e1s necesitados de la comunidad, formando as\u00ed la FUNDACION AMAkids (ni\u00f1os amigos del medio ambiente). Esto a ra\u00edz que ya pertenec\u00eda a la FUNDACION AMA (amigos del medio ambiente). Donde fue fundadora adjunto con sus amigos  HUMBERTO METZ, NATANAEL LIRIANO, JOSE NICOLAS MARTINEZ E ISMELDA MENDOZA.<\/span><\/p>\n<\/p>\n<p><span class=\"text1noticias\">Un a\u00f1o m\u00e1s tarde, trabaj\u00f3 adjunto de un grupo de personas decididas para que se levantara una cooperativa en la comunidad, esto para que se formaran los buenos h\u00e1bitos del ahorro, realizando actividades no lucrativas as\u00ed es como se funda  COOPIM (cooperativa la imbertena) para agosto del (2009).<\/span><\/p>\n<\/p>\n<p><span class=\"text1noticias\">En el 2010 KEYLA VENTURA decide estudiar alem\u00e1n en SUCCESS INSTITUTE, donde tambi\u00e9n tuvo la oportunidad de estudiar COMUNICASION SOCIAL, lo cual le dio un empuje a los medios de la comunicaci\u00f3n. Consigui\u00f3 participar en el programa \u00abPULSACIONES TV\u00bb todos los jueves en el canal 10 del municipio de Guananico.<\/span><\/p>\n<p><span class=\"text1noticias\"> <\/span><\/p>\n<p><span class=\"text1noticias\"><strong><em><u>RECIENTES<\/u><\/em><\/strong><\/span><\/p>\n<p><span class=\"text1noticias\"> <\/span><\/p>\n<p><span class=\"text1noticias\">Actualmente sigue estudiando en la universidad, tambi\u00e9n estudia franc\u00e9s y nuevamente trabaja con la compa\u00f1\u00eda \u00abRAMILIFE\u00bb donde se desenvuelve como vendedora en el hotel \u00abLIFESTYLE HOLY DAYS VACATIONS RESORT\u00bb  (hacienda) en la ciudad de puerto plata.<\/span><\/p>\n<p><span class=\"text1noticias\">Est\u00e1 enfocada en la educaci\u00f3n de su comunidad, dando talleres medio ambientales atreves de la fundaci\u00f3n que ella misma dirige, de la cual se benefician las escuelas y liceos que ya conoci\u00e9ndole les permiten dar charlas.<\/span><\/p>\n<p><span class=\"text1noticias\">Apoya y participa con instituciones como: \u00abLA DEFENZA CIVIL\u00bb, \u00abJOVENES AL RESCATE DE LA COMUNIDAD\u00bb , \u00bb JUNTAS DE VECINOS\u00bb \u00abSERES SOL\u00bb entre otros.<\/span><\/p>\n<p><span class=\"text1noticias\"> <\/span><\/p>\n<p><span class=\"text1noticias\"><strong><em><u>PASA TIEMPOS FAVORITOS:<\/u><\/em><\/strong><\/span><\/p>\n<p><span class=\"text1noticias\"> <\/span><\/p>\n<p><span class=\"text1noticias\"><strong><em><u>KEYLA VENTURA DICE: <\/u><\/em><\/strong><\/span><\/p>\n<\/p>\n<p><span class=\"text1noticias\">Si tienes pensamientos borrosos sin duda recibir\u00e1s resultados borrosos, por eso procuro siempre tomar buenas decisiones hoy para obtener buenos resultados ma\u00f1ana pero eso no se logra tan f\u00e1cil como suena&#8230; Ocupo m\u00ed tiempo en cosas que realmente me hacen feliz y que  le suman conocimiento a mi vida.<\/span><\/p>\n<p><span class=\"text1noticias\"> <\/span><\/p>\n<p><span class=\"text1noticias\"> <\/span><\/p>\n<p><span class=\"text1noticias\">Tambi\u00e9n le gusta explorar y conocer gentes nuevas,  viajar de una provincia a otra con sus amigos y descubrir la belleza que tiene nuestro hermoso pa\u00eds, siempre ha dicho que para cuando tenga los 30 a\u00f1os ya abra recorrido todo el pa\u00eds, lugares y atractivos tur\u00edsticos.<\/span><\/p>\n<p><span class=\"text1noticias\"> <\/span><\/p>\n<\/p>\n<h6> 2012-02-02 20:49:28 <\/h6>\n<p><!--\n<link rel=\"stylesheet\" href=\"css\/bootstrap.min.css\">\n\n\n<ul class=\"pagination\">\n\t    \n\t\n\n<li >\n\t<a href='?page_no=18016'>Previous<\/a>\n\t<\/li>\n\n\n       \n    \n\n<li><a href='?page_no=1'>1<\/a><\/li>\n\n\n\n<li><a href='?page_no=2'>2<\/a><\/li>\n\n\n\n<li><a>...<\/a><\/li>\n\n\n\n<li><a href='?page_no=18015'>18015<\/a><\/li>\n\n\n\n<li><a href='?page_no=18016'>18016<\/a><\/li>\n\n\n\n<li class='active'><a>18017<\/a><\/li>\n\n\n\n<li><a href='?page_no=18018'>18018<\/a><\/li>\n\n\n\n<li><a href='?page_no=18019'>18019<\/a><\/li>\n\n\n\n<li><a>...<\/a><\/li>\n\n\n\n<li><a href='?page_no=22911'>22911<\/a><\/li>\n\n\n\n<li><a href='?page_no=22912'>22912<\/a><\/li>\n\n    \n\t\n\n<li >\n\t<a href='?page_no=18018'>Next<\/a>\n\t<\/li>\n\n\n    \n\n<li><a href='?page_no=22912'>Last &rsaquo;&rsaquo;<\/a><\/li>\n\n<\/ul>\n\n\n--><br \/>\n<\/body><\/p>\n","protected":false},"excerpt":{"rendered":"<p>Por: Juan Morrobel PUERTO PLATA, 02 Feb 2012.-Servicios y Liderazgo Rural rengl\u00f3n logrado por nuestra incasable trabajadora comunitaria Keyla Ventura Reyes Francisco, humilde joven nacida en el municipio de Imbert quien por su gran labor altruista, social y comunitaria la llevo a poner en alto el nombre de su provincia natal Puerto Plata. Siendo una [&hellip;]<\/p>\n","protected":false},"author":3,"featured_media":0,"comment_status":"open","ping_status":"open","sticky":false,"template":"","format":"standard","meta":{"footnotes":""},"categories":[21],"tags":[],"class_list":["post-66339","post","type-post","status-publish","format-standard","hentry","category-cultura"],"_links":{"self":[{"href":"https:\/\/diariodominicano.com\/index.php?rest_route=\/wp\/v2\/posts\/66339","targetHints":{"allow":["GET"]}}],"collection":[{"href":"https:\/\/diariodominicano.com\/index.php?rest_route=\/wp\/v2\/posts"}],"about":[{"href":"https:\/\/diariodominicano.com\/index.php?rest_route=\/wp\/v2\/types\/post"}],"author":[{"embeddable":true,"href":"https:\/\/diariodominicano.com\/index.php?rest_route=\/wp\/v2\/users\/3"}],"replies":[{"embeddable":true,"href":"https:\/\/diariodominicano.com\/index.php?rest_route=%2Fwp%2Fv2%2Fcomments&post=66339"}],"version-history":[{"count":0,"href":"https:\/\/diariodominicano.com\/index.php?rest_route=\/wp\/v2\/posts\/66339\/revisions"}],"wp:attachment":[{"href":"https:\/\/diariodominicano.com\/index.php?rest_route=%2Fwp%2Fv2%2Fmedia&parent=66339"}],"wp:term":[{"taxonomy":"category","embeddable":true,"href":"https:\/\/diariodominicano.com\/index.php?rest_route=%2Fwp%2Fv2%2Fcategories&post=66339"},{"taxonomy":"post_tag","embeddable":true,"href":"https:\/\/diariodominicano.com\/index.php?rest_route=%2Fwp%2Fv2%2Ftags&post=66339"}],"curies":[{"name":"wp","href":"https:\/\/api.w.org\/{rel}","templated":true}]}}