{"id":66338,"date":"2012-02-02T20:54:02","date_gmt":"2012-02-02T20:54:02","guid":{"rendered":"http:\/\/diariodominicano.ddns.net\/?p=66338"},"modified":"2012-02-02T20:54:02","modified_gmt":"2012-02-02T20:54:02","slug":"fernando-villalona-juliana-y-yosmil-le-ponen-ritmo-al-carnaval-de-bonao-2012","status":"publish","type":"post","link":"https:\/\/diariodominicano.com\/?p=66338","title":{"rendered":"Fernando Villalona, Juliana y Yosmil le ponen Ritmo al Carnaval de Bonao 2012"},"content":{"rendered":"<p><body><\/p>\n<p><img decoding=\"async\" src=\"img3\/Carnaval Bonao 2012.JPG\" \/>  <\/p>\n<p><span class=\"text1noticias\">SANTO DOMINGO,  02 Feb 2012.-Para este s\u00e1bado  y domingo el sabor nacional que identifica el carnaval dominicano del inmenso Mayimbe Fernando Villalona rey absoluto del carisma m\u00e1s excitante del merengue carnavalesco que arrebata y emociona estar\u00e1 encendiendo con su baile en la calle la primera salida de los mascaraos m\u00e1s electrizante de todo el pa\u00eds.<\/span><\/p>\n<p><span class=\"text1noticias\"> <\/span><\/p>\n<p><span class=\"text1noticias\">Para que la alegr\u00eda nunca se detenga la que no pod\u00eda faltar la Mayimba del mambo la dura de los escenarios Juliana y su mambo apasionante, mientras que el s\u00e1bado estaremos calentando los motores con el hombre que tiene al pueblo bailando con esto se baila diciendo que si, el imparable Yomil y de Bonao Danny Metal, el Crudo y Dinast\u00eda Urbana.<\/span><\/p>\n<p><span class=\"text1noticias\"> <\/span><\/p>\n<p><span class=\"text1noticias\">Con el patrocinio de Cerveza Presidente, Brugal, Kola Real, 911 Emerg\u00ed Drinks, Ministerio de Cultura, el alcalde Alberto Marte, agua Cool Heaven, el senador Feliz Nova, COCABO y la producci\u00f3n del Emporio Lu\u00eds Medrano este gran evento que concentra el talento musical dominicano con la expresi\u00f3n carnavalesca m\u00e1s autentica del pa\u00eds re\u00fane millares de familias cada domingo en la ciudad de Bonao.<\/span><\/p>\n<p><span class=\"text1noticias\"> <\/span><\/p>\n<p><span class=\"text1noticias\">CERTV canal 4, Mayimbe TV  canal 8 y  Magu Music Televisi\u00f3n  canal 8, estar\u00e1n en directo transmitiendo en vivo todas las incidencias de cada domingo desde la avenida Duarte de Bonao frente al parque.<\/span><\/p>\n<\/p>\n<h6> 2012-02-02 20:54:02 <\/h6>\n<p><!--\n<link rel=\"stylesheet\" href=\"css\/bootstrap.min.css\">\n\n\n<ul class=\"pagination\">\n\t    \n\t\n\n<li >\n\t<a href='?page_no=18015'>Previous<\/a>\n\t<\/li>\n\n\n       \n    \n\n<li><a href='?page_no=1'>1<\/a><\/li>\n\n\n\n<li><a href='?page_no=2'>2<\/a><\/li>\n\n\n\n<li><a>...<\/a><\/li>\n\n\n\n<li><a href='?page_no=18014'>18014<\/a><\/li>\n\n\n\n<li><a href='?page_no=18015'>18015<\/a><\/li>\n\n\n\n<li class='active'><a>18016<\/a><\/li>\n\n\n\n<li><a href='?page_no=18017'>18017<\/a><\/li>\n\n\n\n<li><a href='?page_no=18018'>18018<\/a><\/li>\n\n\n\n<li><a>...<\/a><\/li>\n\n\n\n<li><a href='?page_no=22911'>22911<\/a><\/li>\n\n\n\n<li><a href='?page_no=22912'>22912<\/a><\/li>\n\n    \n\t\n\n<li >\n\t<a href='?page_no=18017'>Next<\/a>\n\t<\/li>\n\n\n    \n\n<li><a href='?page_no=22912'>Last &rsaquo;&rsaquo;<\/a><\/li>\n\n<\/ul>\n\n\n--><br \/>\n<\/body><\/p>\n","protected":false},"excerpt":{"rendered":"<p>SANTO DOMINGO, 02 Feb 2012.-Para este s\u00e1bado y domingo el sabor nacional que identifica el carnaval dominicano del inmenso Mayimbe Fernando Villalona rey absoluto del carisma m\u00e1s excitante del merengue carnavalesco que arrebata y emociona estar\u00e1 encendiendo con su baile en la calle la primera salida de los mascaraos m\u00e1s electrizante de todo el pa\u00eds. [&hellip;]<\/p>\n","protected":false},"author":3,"featured_media":0,"comment_status":"open","ping_status":"open","sticky":false,"template":"","format":"standard","meta":{"footnotes":""},"categories":[21],"tags":[],"class_list":["post-66338","post","type-post","status-publish","format-standard","hentry","category-cultura"],"_links":{"self":[{"href":"https:\/\/diariodominicano.com\/index.php?rest_route=\/wp\/v2\/posts\/66338","targetHints":{"allow":["GET"]}}],"collection":[{"href":"https:\/\/diariodominicano.com\/index.php?rest_route=\/wp\/v2\/posts"}],"about":[{"href":"https:\/\/diariodominicano.com\/index.php?rest_route=\/wp\/v2\/types\/post"}],"author":[{"embeddable":true,"href":"https:\/\/diariodominicano.com\/index.php?rest_route=\/wp\/v2\/users\/3"}],"replies":[{"embeddable":true,"href":"https:\/\/diariodominicano.com\/index.php?rest_route=%2Fwp%2Fv2%2Fcomments&post=66338"}],"version-history":[{"count":0,"href":"https:\/\/diariodominicano.com\/index.php?rest_route=\/wp\/v2\/posts\/66338\/revisions"}],"wp:attachment":[{"href":"https:\/\/diariodominicano.com\/index.php?rest_route=%2Fwp%2Fv2%2Fmedia&parent=66338"}],"wp:term":[{"taxonomy":"category","embeddable":true,"href":"https:\/\/diariodominicano.com\/index.php?rest_route=%2Fwp%2Fv2%2Fcategories&post=66338"},{"taxonomy":"post_tag","embeddable":true,"href":"https:\/\/diariodominicano.com\/index.php?rest_route=%2Fwp%2Fv2%2Ftags&post=66338"}],"curies":[{"name":"wp","href":"https:\/\/api.w.org\/{rel}","templated":true}]}}