{"id":66336,"date":"2012-02-03T14:30:27","date_gmt":"2012-02-03T14:30:27","guid":{"rendered":"http:\/\/diariodominicano.ddns.net\/?p=66336"},"modified":"2012-02-03T14:30:27","modified_gmt":"2012-02-03T14:30:27","slug":"un-museo-aleman-aborda-el-centenario-de-la-muerte-en-venecia","status":"publish","type":"post","link":"https:\/\/diariodominicano.com\/?p=66336","title":{"rendered":"Un museo alem\u00e1n aborda el centenario de la \u00abMuerte en Venecia\u00bb"},"content":{"rendered":"<p><body><\/p>\n<p><span class=\"text1noticias\">Berlin, Alemania 3 febrero.- La ciudad alemana de L\u00fcbeck abre hoy una exposici\u00f3n para rendir homenaje a uno de sus hijos m\u00e1s ilustres, el escritor y Premio Nobel de Literatura Thomas Mann, con motivo del centenario de una de sus obras m\u00e1s destacadas, \u00abMuerte en Venecia\u00bb.<\/span><\/p>\n<\/p>\n<p><span class=\"text1noticias\">La muestra, dedicada enteramente a esta novela, lleva por t\u00edtulo \u00abLa voluptuosidad de la decadencia\u00bb, ya que aborda, al igual que el libro, el lado decadente y precario -el homoerotismo- de la sexualidad, indican los organizadores.<\/span><\/p>\n<\/p>\n<p><span class=\"text1noticias\">Seg\u00fan el museo Buddenbrookhaus de L\u00fcbeck, centro consagrado a investigar la vida y obra de los hermanos Heinrich y Thomas Mann, los visitantes pueden en esta exposici\u00f3n acompa\u00f1ar al protagonista de la novela, Gustav von Aschenbach, en su viaje a Venecia hasta su \u00abdecadencia\u00bb.<\/span><\/p>\n<\/p>\n<p><span class=\"text1noticias\">Adem\u00e1s, el p\u00fablico podr\u00e1 desentra\u00f1ar, mirando, leyendo y escuchando, el trasfondo y las estructuras art\u00edsticas de esta novela, calificada por la cr\u00edtica contempor\u00e1nea de \u00abobra de arte\u00bb.<\/span><\/p>\n<\/p>\n<p><span class=\"text1noticias\">De esta manera, la muestra invita a rastrear el poder de la narraci\u00f3n y de la lengua -de su \u00abvoluptuosidad\u00bb- e invita a redescubrir el texto, agrega el comunicado.<\/span><\/p>\n<\/p>\n<p><span class=\"text1noticias\">A pesar de ser considerada inicialmente pobre en su trama, \u00abMuerte en Venecia\u00bb fue llevada al cine por Luchino Visconti en 1971, convertida en \u00f3pera por Benjamin Britten en 1976 y coreografiada para danza por John Neumeier en 2003.<\/span><\/p>\n<\/p>\n<p><span class=\"text1noticias\">Fue objeto \u00absin l\u00edmites de estudio\u00bb, se\u00f1al\u00f3 el director del Buddenbrookhaus, Holger Pils, citado por el peri\u00f3dico \u00abL\u00fcbecker Nachrichten\u00bb.<\/span><\/p>\n<\/p>\n<p><span class=\"text1noticias\">El escritor Aschenbach conoce en una estancia en Venecia al joven polaco Tadzio y se entrega a sus inclinaciones homoer\u00f3ticas.<\/span><\/p>\n<\/p>\n<p><span class=\"text1noticias\">El reconocimiento de sus sentimientos, que van m\u00e1s all\u00e1 del amor plat\u00f3nico, el \u00abdeseo prohibido\u00bb, seg\u00fan Pils, llevan finalmente a Aschenbach a la muerte.<\/span><\/p>\n<\/p>\n<p><span class=\"text1noticias\">Seg\u00fan el rotativo, el problema de la exposici\u00f3n, que podr\u00e1 visitarse hasta el pr\u00f3ximo 28 de mayo, es el de toda presentaci\u00f3n de una obra literaria: el tratarse de un texto.<\/span><\/p>\n<\/p>\n<p><span class=\"text1noticias\">Por eso, la gu\u00eda audio no es suficiente para recorrer la muestra, y el visitante debe dedicar tiempo tambi\u00e9n a la lectura de paneles, extractos de la novela, informaci\u00f3n sobre el autor y otros documentos.<\/span><\/p>\n<\/p>\n<p><span class=\"text1noticias\">No obstante, el esfuerzo del p\u00fablico se ve recompensado con la aproximaci\u00f3n a una \u00e9poca y su esp\u00edritu, concluye el peri\u00f3dico<\/span>.<\/p>\n<h6> 2012-02-03 14:30:27 <\/h6>\n<p><!--\n<link rel=\"stylesheet\" href=\"css\/bootstrap.min.css\">\n\n\n<ul class=\"pagination\">\n\t    \n\t\n\n<li >\n\t<a href='?page_no=18013'>Previous<\/a>\n\t<\/li>\n\n\n       \n    \n\n<li><a href='?page_no=1'>1<\/a><\/li>\n\n\n\n<li><a href='?page_no=2'>2<\/a><\/li>\n\n\n\n<li><a>...<\/a><\/li>\n\n\n\n<li><a href='?page_no=18012'>18012<\/a><\/li>\n\n\n\n<li><a href='?page_no=18013'>18013<\/a><\/li>\n\n\n\n<li class='active'><a>18014<\/a><\/li>\n\n\n\n<li><a href='?page_no=18015'>18015<\/a><\/li>\n\n\n\n<li><a href='?page_no=18016'>18016<\/a><\/li>\n\n\n\n<li><a>...<\/a><\/li>\n\n\n\n<li><a href='?page_no=22911'>22911<\/a><\/li>\n\n\n\n<li><a href='?page_no=22912'>22912<\/a><\/li>\n\n    \n\t\n\n<li >\n\t<a href='?page_no=18015'>Next<\/a>\n\t<\/li>\n\n\n    \n\n<li><a href='?page_no=22912'>Last &rsaquo;&rsaquo;<\/a><\/li>\n\n<\/ul>\n\n\n--><br \/>\n<\/body><\/p>\n","protected":false},"excerpt":{"rendered":"<p>Berlin, Alemania 3 febrero.- La ciudad alemana de L\u00fcbeck abre hoy una exposici\u00f3n para rendir homenaje a uno de sus hijos m\u00e1s ilustres, el escritor y Premio Nobel de Literatura Thomas Mann, con motivo del centenario de una de sus obras m\u00e1s destacadas, \u00abMuerte en Venecia\u00bb. La muestra, dedicada enteramente a esta novela, lleva por [&hellip;]<\/p>\n","protected":false},"author":3,"featured_media":0,"comment_status":"open","ping_status":"open","sticky":false,"template":"","format":"standard","meta":{"footnotes":""},"categories":[21],"tags":[],"class_list":["post-66336","post","type-post","status-publish","format-standard","hentry","category-cultura"],"_links":{"self":[{"href":"https:\/\/diariodominicano.com\/index.php?rest_route=\/wp\/v2\/posts\/66336","targetHints":{"allow":["GET"]}}],"collection":[{"href":"https:\/\/diariodominicano.com\/index.php?rest_route=\/wp\/v2\/posts"}],"about":[{"href":"https:\/\/diariodominicano.com\/index.php?rest_route=\/wp\/v2\/types\/post"}],"author":[{"embeddable":true,"href":"https:\/\/diariodominicano.com\/index.php?rest_route=\/wp\/v2\/users\/3"}],"replies":[{"embeddable":true,"href":"https:\/\/diariodominicano.com\/index.php?rest_route=%2Fwp%2Fv2%2Fcomments&post=66336"}],"version-history":[{"count":0,"href":"https:\/\/diariodominicano.com\/index.php?rest_route=\/wp\/v2\/posts\/66336\/revisions"}],"wp:attachment":[{"href":"https:\/\/diariodominicano.com\/index.php?rest_route=%2Fwp%2Fv2%2Fmedia&parent=66336"}],"wp:term":[{"taxonomy":"category","embeddable":true,"href":"https:\/\/diariodominicano.com\/index.php?rest_route=%2Fwp%2Fv2%2Fcategories&post=66336"},{"taxonomy":"post_tag","embeddable":true,"href":"https:\/\/diariodominicano.com\/index.php?rest_route=%2Fwp%2Fv2%2Ftags&post=66336"}],"curies":[{"name":"wp","href":"https:\/\/api.w.org\/{rel}","templated":true}]}}