{"id":66335,"date":"2012-02-03T14:33:10","date_gmt":"2012-02-03T14:33:10","guid":{"rendered":"http:\/\/diariodominicano.ddns.net\/?p=66335"},"modified":"2012-02-03T14:33:10","modified_gmt":"2012-02-03T14:33:10","slug":"carnavalia-una-futura-tradicion-para-abrir-el-carnaval-dominicano","status":"publish","type":"post","link":"https:\/\/diariodominicano.com\/?p=66335","title":{"rendered":"Carnavalia, \u00bfuna futura tradici\u00f3n para abrir el carnaval dominicano?"},"content":{"rendered":"<p><body><\/p>\n<p><span class=\"text1noticias\">Santo Domingo, RD 3 febrero.- \u00abCarnavalia es un evento donde estamos combinando moda, m\u00fasica y arte\u00bb, dijo a Diario Libre, Pablo Pou, principal art\u00edfice de \u00abCarnavalia\u00bb y presidente de PAV Entertainment.<\/span><\/p>\n<\/p>\n<p><span class=\"text1noticias\">\u00abSe trata de un evento donde pretendemos ense\u00f1arle a los j\u00f3venes, qu\u00e9 cosa es el carnaval y queremos realizarlo todos los a\u00f1os, es un concepto nuevo que desear\u00edamos que se convierta tradicionalmete en la apertura del carnaval\u00bb, manifest\u00f3.<\/span><\/p>\n<\/p>\n<p><span class=\"text1noticias\">Seg\u00fan datos del productor, las instalaciones de Sans Souc\u00ed se convertir\u00e1n en una gran discoteca que contar\u00e1 con una pasarela en donde desfilar\u00e1n modelos vestidas con elementos aleg\u00f3ricos al carnaval.<\/span><\/p>\n<\/p>\n<p><span class=\"text1noticias\">\u00abLa parte de las comparsas, los vestuarios, toda la parte digamos cultural, con desfile de moda incluido corre a cargo de Vitico Erarte. En moda tenemos a los dise\u00f1adores Belkola, Carlos Then, Miguel Genao y Larissa Salcedo\u00bb, mencion\u00f3.<\/span><\/p>\n<\/p>\n<p><span class=\"text1noticias\">\u00abMientras que Carlos Lamarche y Airam Toribio est\u00e1n encarg\u00e1ndose de todos los &#8216;pros&#8217;, es decir, de las caretas, los fuegos artificales. En la noche tendremos &#8216;La hora loca&#8217;, cuando saldr\u00e1n las diferentes comparsas, donde en vez de vejigazos, estar\u00e1n repartiendo pitos, caretas, pelucas, collares, lentes, para que el p\u00fablico se integre de manera total al festejo\u00bb, explic\u00f3.<\/span><\/p>\n<\/p>\n<p><span class=\"text1noticias\">Pou, productor y creador de la idea y el concepto general de \u00abCarnavalia\u00bb, dijo que la l\u00ednea gr\u00e1fica es de Melissa Rissik,una reconocida dise\u00f1adora dominicana.<\/span><\/p>\n<\/p>\n<p><span class=\"text1noticias\">\u00abSe trata, como ves, de utilizar recursos locales y mezclarlos con elementos de mucha popularidad internacional, m\u00e1s lo pintoresco de la tradici\u00f3n. M\u00e1xime, que somos un pa\u00eds que puede vanagloriarse de tener buenos artistas pl\u00e1sticos, buenos dise\u00f1adores, y como no, buenos productores art\u00edsticos (jajajaja)\u00bb, ri\u00f3.<\/span><\/p>\n<\/p>\n<p><span class=\"text1noticias\">Lo musical<\/span><\/p>\n<\/p>\n<p><span class=\"text1noticias\">\u00abCarnavalia\u00bb est\u00e1 dedicado fundamentalmente a un p\u00fablico joven y para ello ha convocado una cartelera de artistas que pertenecen a la casa disquera Size Matters. Los que asistan disfrutar\u00e1n de las mezclas de Steve Angello, el popular DJ internacional, quien forma parte del grupo Swedish House Mafia, quienes hace poco vendieron en apenas 16 minutos todas las boletas para el Madison Square Garden de Nueva York.<\/span><\/p>\n<\/p>\n<p><span class=\"text1noticias\">Steve Angello (Steven Angello Josefsson Fragogiannis, nacido en Atenas, Grecia en 1982) adem\u00e1s de Dj y productor es due\u00f1o de un sello disquero. Es muy conocido por su estilo de mezclar el hip-hop con canciones cl\u00e1sicas de los a\u00f1os 70.<\/span><\/p>\n<\/p>\n<p><span class=\"text1noticias\">Adem\u00e1s de Steve Angello, estar\u00e1 tambi\u00e9n su hermano Antoine Gabriel Michel Haydamous Josefsson, m\u00e1s conocido como AN21, y adem\u00e1s Max Vangeli. Ambos detonan house progresivo en los discos. Es posible incluso que los tres se hagan \u00abThe Island\u00bb.<\/span><\/p>\n<\/p>\n<p><span class=\"text1noticias\">La contraparte musical corre a cargo del dominicano Dj Joseant Hidalgo.<\/span><\/p>\n<\/p>\n<p><span class=\"text1noticias\">Todo est\u00e1 listo para que este s\u00e1bado \u00abCarnavalia\u00bb sea un gran \u00e9xito en La Marina de Sans Souci, rompiendo a las 11 de la noche. <\/span><\/p>\n<\/p>\n<p><span class=\"text1noticias\">Las boletas<\/span><\/p>\n<\/p>\n<p><span class=\"text1noticias\">Las boletas de Carnavalia est\u00e1n a la venta en Uepa Tickets @ Movie Max y www.uepatickets.com a los siguientes precios: General RD$800.00, VIP RD$1,500.00 y VIP + RD$2,500.00 <\/span>.<\/p>\n<\/p>\n<h6> 2012-02-03 14:33:10 <\/h6>\n<p><!--\n<link rel=\"stylesheet\" href=\"css\/bootstrap.min.css\">\n\n\n<ul class=\"pagination\">\n\t    \n\t\n\n<li >\n\t<a href='?page_no=18012'>Previous<\/a>\n\t<\/li>\n\n\n       \n    \n\n<li><a href='?page_no=1'>1<\/a><\/li>\n\n\n\n<li><a href='?page_no=2'>2<\/a><\/li>\n\n\n\n<li><a>...<\/a><\/li>\n\n\n\n<li><a href='?page_no=18011'>18011<\/a><\/li>\n\n\n\n<li><a href='?page_no=18012'>18012<\/a><\/li>\n\n\n\n<li class='active'><a>18013<\/a><\/li>\n\n\n\n<li><a href='?page_no=18014'>18014<\/a><\/li>\n\n\n\n<li><a href='?page_no=18015'>18015<\/a><\/li>\n\n\n\n<li><a>...<\/a><\/li>\n\n\n\n<li><a href='?page_no=22911'>22911<\/a><\/li>\n\n\n\n<li><a href='?page_no=22912'>22912<\/a><\/li>\n\n    \n\t\n\n<li >\n\t<a href='?page_no=18014'>Next<\/a>\n\t<\/li>\n\n\n    \n\n<li><a href='?page_no=22912'>Last &rsaquo;&rsaquo;<\/a><\/li>\n\n<\/ul>\n\n\n--><br \/>\n<\/body><\/p>\n","protected":false},"excerpt":{"rendered":"<p>Santo Domingo, RD 3 febrero.- \u00abCarnavalia es un evento donde estamos combinando moda, m\u00fasica y arte\u00bb, dijo a Diario Libre, Pablo Pou, principal art\u00edfice de \u00abCarnavalia\u00bb y presidente de PAV Entertainment. \u00abSe trata de un evento donde pretendemos ense\u00f1arle a los j\u00f3venes, qu\u00e9 cosa es el carnaval y queremos realizarlo todos los a\u00f1os, es un [&hellip;]<\/p>\n","protected":false},"author":3,"featured_media":0,"comment_status":"open","ping_status":"open","sticky":false,"template":"","format":"standard","meta":{"footnotes":""},"categories":[21],"tags":[],"class_list":["post-66335","post","type-post","status-publish","format-standard","hentry","category-cultura"],"_links":{"self":[{"href":"https:\/\/diariodominicano.com\/index.php?rest_route=\/wp\/v2\/posts\/66335","targetHints":{"allow":["GET"]}}],"collection":[{"href":"https:\/\/diariodominicano.com\/index.php?rest_route=\/wp\/v2\/posts"}],"about":[{"href":"https:\/\/diariodominicano.com\/index.php?rest_route=\/wp\/v2\/types\/post"}],"author":[{"embeddable":true,"href":"https:\/\/diariodominicano.com\/index.php?rest_route=\/wp\/v2\/users\/3"}],"replies":[{"embeddable":true,"href":"https:\/\/diariodominicano.com\/index.php?rest_route=%2Fwp%2Fv2%2Fcomments&post=66335"}],"version-history":[{"count":0,"href":"https:\/\/diariodominicano.com\/index.php?rest_route=\/wp\/v2\/posts\/66335\/revisions"}],"wp:attachment":[{"href":"https:\/\/diariodominicano.com\/index.php?rest_route=%2Fwp%2Fv2%2Fmedia&parent=66335"}],"wp:term":[{"taxonomy":"category","embeddable":true,"href":"https:\/\/diariodominicano.com\/index.php?rest_route=%2Fwp%2Fv2%2Fcategories&post=66335"},{"taxonomy":"post_tag","embeddable":true,"href":"https:\/\/diariodominicano.com\/index.php?rest_route=%2Fwp%2Fv2%2Ftags&post=66335"}],"curies":[{"name":"wp","href":"https:\/\/api.w.org\/{rel}","templated":true}]}}